{"id":9059,"date":"2014-02-04T13:49:50","date_gmt":"2014-02-04T13:49:50","guid":{"rendered":"http:\/\/labestiadeportiva.com\/lbd\/?p=9059"},"modified":"2014-02-04T13:56:25","modified_gmt":"2014-02-04T13:56:25","slug":"preparando-el-gimnasio","status":"publish","type":"post","link":"https:\/\/labestiadeportiva.com\/lbd\/preparando-el-gimnasio\/","title":{"rendered":"Preparando el gimnasio"},"content":{"rendered":"<p class=\"MsoNormal\"><a href=\"http:\/\/labestiadeportiva.com\/lbd\/wp-content\/uploads\/2014\/02\/MG_8712.jpg\"><img loading=\"lazy\" class=\"alignleft size-medium wp-image-9060\" title=\"_MG_8712\" src=\"http:\/\/labestiadeportiva.com\/lbd\/wp-content\/uploads\/2014\/02\/MG_8712-300x200.jpg\" alt=\"\" width=\"300\" height=\"200\" srcset=\"https:\/\/labestiadeportiva.com\/lbd\/wp-content\/uploads\/2014\/02\/MG_8712-300x200.jpg 300w, https:\/\/labestiadeportiva.com\/lbd\/wp-content\/uploads\/2014\/02\/MG_8712.jpg 448w\" sizes=\"(max-width: 300px) 100vw, 300px\" \/><\/a>Desde el pasado mes de diciembre <span style=\"mso-spacerun: yes;\">\u00a0<\/span>integrantes de la Subcomisi\u00f3n de la Mutual de CAMPOLTER trabajan diariamente para poner en condiciones su escenario deportivo ubicado en el barrio 640 Viviendas. La reinauguraci\u00f3n se producir\u00eda en los primeros d\u00edas de marzo.<\/p>\n<p class=\"MsoNormal\">Grata sorpresa para la gente del deporte. D\u00edas atr\u00e1s visitamos en gimnasio de CAMPOLTER, el cual fue cerrado durante un largo tiempo, y pudimos observar un cambio altamente positivo.<!--morePara leer Click Aqu\u00ed--><\/p>\n<p class=\"MsoNormal\">Su anterior cancha de parquet ya es historia, en la actualidad su campo de juego que luce <span style=\"mso-spacerun: yes;\">\u00a0<\/span>interesantes 35 x 17 metros, es de cemento y espera sus retoques finales.<\/p>\n<p class=\"MsoNormal\">Fue agrandado en su largo y ancho teniendo en la actualidad las medidas oficiales FIFA. Asimismo se trabaj\u00f3 en las gradas de la tribuna logrando ampliarlas con respecto a las anteriores.<\/p>\n<p class=\"MsoNormal\">En dialogo con los responsables de las obras nos informaron que planifican finalizar los trabajos a fin de febrero preparando la reinauguraci\u00f3n oficial para los primeros d\u00edas de marzo.<\/p>\n<p class=\"MsoNormal\">Sobre el r\u00e9gimen que tendr\u00e1 el gimnasio una vez abierto expresaron la intenci\u00f3n de utilizarlo para entrenamientos y torneos priorizando el alquiler a clubes, asociaciones, federaciones y establecimientos educativos.<\/p>\n<p class=\"MsoNormal\">Gran noticia para la comunidad deportiva local y provincial, en breve el gimnasio de CAMPOLTER volver\u00e1 a abrir sus puertas. Con la actual necesidad de infraestructura sin ninguna duda este regreso ser\u00e1 m\u00e1s que importante. <span style=\"mso-spacerun: yes;\">\u00a0<\/span><span style=\"mso-spacerun: yes;\">\u00a0<\/span><span style=\"mso-spacerun: yes;\">\u00a0<\/span><span style=\"mso-spacerun: yes;\">\u00a0<\/span><span style=\"mso-spacerun: yes;\">\u00a0<\/span><\/p>\n<p class=\"MsoNormal\"><a href=\"http:\/\/labestiadeportiva.com\/lbd\/wp-content\/uploads\/2014\/02\/MG_8714.jpg\"><img loading=\"lazy\" class=\"aligncenter size-medium wp-image-9061\" title=\"_MG_8714\" src=\"http:\/\/labestiadeportiva.com\/lbd\/wp-content\/uploads\/2014\/02\/MG_8714-300x200.jpg\" alt=\"\" width=\"300\" height=\"200\" srcset=\"https:\/\/labestiadeportiva.com\/lbd\/wp-content\/uploads\/2014\/02\/MG_8714-300x200.jpg 300w, https:\/\/labestiadeportiva.com\/lbd\/wp-content\/uploads\/2014\/02\/MG_8714.jpg 448w\" sizes=\"(max-width: 300px) 100vw, 300px\" \/><\/a><\/p>\n<div class='epvc-post-count'><span class='epvc-eye'><\/span>  <span class=\"epvc-count\"> 980<\/span><span class='epvc-label'> veces le\u00edda<\/span><\/div>\n<div class=\"jwsharethis\">\nShare this: \n<br \/>\n<a href=\"mailto:?subject=Preparando%20el%20gimnasio&amp;body=https%3A%2F%2Flabestiadeportiva.com%2Flbd%2Fpreparando-el-gimnasio%2F\">\n<img src=\"https:\/\/labestiadeportiva.com\/lbd\/wp-content\/plugins\/jw-share-this\/email.png\" alt=\"Share this page via Email\" \/>\n<\/a>\n<a target=\"_blank\" href=\"http:\/\/www.stumbleupon.com\/submit?url=https%3A%2F%2Flabestiadeportiva.com%2Flbd%2Fpreparando-el-gimnasio%2F&amp;title=Preparando+el+gimnasio\">\n<img src=\"https:\/\/labestiadeportiva.com\/lbd\/wp-content\/plugins\/jw-share-this\/su.png\" alt=\"Share this page via Stumble Upon\" \/>\n<\/a>\n<a target=\"_blank\" href=\"http:\/\/digg.com\/submit?url=https%3A%2F%2Flabestiadeportiva.com%2Flbd%2Fpreparando-el-gimnasio%2F&amp;title=Preparando+el+gimnasio\">\n<img src=\"https:\/\/labestiadeportiva.com\/lbd\/wp-content\/plugins\/jw-share-this\/digg.png\" alt=\"Share this page via Digg this\" \/>\n<\/a>\n<a target=\"_blank\" href=\"http:\/\/www.facebook.com\/sharer.php?u=https%3A%2F%2Flabestiadeportiva.com%2Flbd%2Fpreparando-el-gimnasio%2F&amp;t=Preparando+el+gimnasio\">\n<img src=\"https:\/\/labestiadeportiva.com\/lbd\/wp-content\/plugins\/jw-share-this\/fb.png\" alt=\"Share this page via Facebook\" \/>\n<\/a>\n<a target=\"_blank\" href=\"http:\/\/twitter.com\/intent\/tweet?text=I+like+https%3A%2F%2Flabestiadeportiva.com%2Flbd%2Fpreparando-el-gimnasio%2F&amp;title=Preparando+el+gimnasio\">\n<img src=\"https:\/\/labestiadeportiva.com\/lbd\/wp-content\/plugins\/jw-share-this\/twitter.png\" alt=\"Share this page via Twitter\" \/>\n<\/a>\n<\/div>\n","protected":false},"excerpt":{"rendered":"<p>Desde el pasado mes de diciembre \u00a0integrantes de la Subcomisi\u00f3n de la Mutual de CAMPOLTER trabajan diariamente para poner en condiciones su escenario deportivo ubicado en el barrio 640 Viviendas. La reinauguraci\u00f3n se producir\u00eda en los primeros d\u00edas de marzo. Grata sorpresa para la gente del deporte. D\u00edas atr\u00e1s visitamos en gimnasio de CAMPOLTER, el &hellip; <a href=\"https:\/\/labestiadeportiva.com\/lbd\/preparando-el-gimnasio\/\" class=\"more-link\">Seguir leyendo <span class=\"screen-reader-text\">Preparando el gimnasio<\/span> <span class=\"meta-nav\">&rarr;<\/span><\/a><\/p>\n","protected":false},"author":1,"featured_media":9060,"comment_status":"open","ping_status":"open","sticky":false,"template":"","format":"standard","meta":[],"categories":[5,1],"tags":[1250,204],"_links":{"self":[{"href":"https:\/\/labestiadeportiva.com\/lbd\/wp-json\/wp\/v2\/posts\/9059"}],"collection":[{"href":"https:\/\/labestiadeportiva.com\/lbd\/wp-json\/wp\/v2\/posts"}],"about":[{"href":"https:\/\/labestiadeportiva.com\/lbd\/wp-json\/wp\/v2\/types\/post"}],"author":[{"embeddable":true,"href":"https:\/\/labestiadeportiva.com\/lbd\/wp-json\/wp\/v2\/users\/1"}],"replies":[{"embeddable":true,"href":"https:\/\/labestiadeportiva.com\/lbd\/wp-json\/wp\/v2\/comments?post=9059"}],"version-history":[{"count":3,"href":"https:\/\/labestiadeportiva.com\/lbd\/wp-json\/wp\/v2\/posts\/9059\/revisions"}],"predecessor-version":[{"id":9064,"href":"https:\/\/labestiadeportiva.com\/lbd\/wp-json\/wp\/v2\/posts\/9059\/revisions\/9064"}],"wp:featuredmedia":[{"embeddable":true,"href":"https:\/\/labestiadeportiva.com\/lbd\/wp-json\/wp\/v2\/media\/9060"}],"wp:attachment":[{"href":"https:\/\/labestiadeportiva.com\/lbd\/wp-json\/wp\/v2\/media?parent=9059"}],"wp:term":[{"taxonomy":"category","embeddable":true,"href":"https:\/\/labestiadeportiva.com\/lbd\/wp-json\/wp\/v2\/categories?post=9059"},{"taxonomy":"post_tag","embeddable":true,"href":"https:\/\/labestiadeportiva.com\/lbd\/wp-json\/wp\/v2\/tags?post=9059"}],"curies":[{"name":"wp","href":"https:\/\/api.w.org\/{rel}","templated":true}]}}