{"id":9071,"date":"2014-02-06T14:25:00","date_gmt":"2014-02-06T14:25:00","guid":{"rendered":"http:\/\/labestiadeportiva.com\/lbd\/?p=9071"},"modified":"2014-02-06T14:25:37","modified_gmt":"2014-02-06T14:25:37","slug":"camau-el-nuevo-secretario-de-deportes-de-nacion","status":"publish","type":"post","link":"https:\/\/labestiadeportiva.com\/lbd\/camau-el-nuevo-secretario-de-deportes-de-nacion\/","title":{"rendered":"\u00abCAMAU\u00bb, el nuevo Secretario de Deportes de la Naci\u00f3n"},"content":{"rendered":"<p class=\"MsoNormal\"><a href=\"http:\/\/labestiadeportiva.com\/lbd\/wp-content\/uploads\/2014\/02\/13402camau.jpg\"><img loading=\"lazy\" class=\"alignleft size-medium wp-image-9072\" title=\"13402camau\" src=\"http:\/\/labestiadeportiva.com\/lbd\/wp-content\/uploads\/2014\/02\/13402camau-300x207.jpg\" alt=\"\" width=\"300\" height=\"207\" srcset=\"https:\/\/labestiadeportiva.com\/lbd\/wp-content\/uploads\/2014\/02\/13402camau-300x207.jpg 300w, https:\/\/labestiadeportiva.com\/lbd\/wp-content\/uploads\/2014\/02\/13402camau.jpg 600w\" sizes=\"(max-width: 300px) 100vw, 300px\" \/><\/a><span style=\"color: #ff0000;\">Carlos Esp\u00ednola<\/span> se transform\u00f3 en las \u00faltimas horas en el m\u00e1ximo funcionario nacional del \u00e1rea deportiva. Luego de casi diez a\u00f1os dej\u00f3 su puesto Claudio Morresi quien a partir de aqu\u00ed fue designado para conducir el Observatorio Nacional del Deporte y Actividad F\u00edsica. La foto es gentileza de MisionesCuatro.com<!--morePara leer Click Aqu\u00ed--><\/p>\n<p class=\"MsoNormal\">La noticia no sorprendi\u00f3 a nadie dado que hace bastante tiempo se hablaba de la salida de Morresi y la llegada de Esp\u00ednola a la Secretar\u00eda.<\/p>\n<p class=\"MsoNormal\">Cabe recordar que el flamante Secretario fue intendente de la capital correntina como as\u00ed tambi\u00e9n candidato a gobernador por el Frente para la Victoria cayendo en las \u00faltimas elecciones ante el candidato radical Ricardo Colombi.<\/p>\n<p class=\"MsoNormal\">En lo estrictamente deportivo el ex atleta de 42 a\u00f1os fue medallista ol\u00edmpico en Atlanta 1996, Sidney 2000, Atenas 2004, y Pek\u00edn 2008.<\/p>\n<div class='epvc-post-count'><span class='epvc-eye'><\/span>  <span class=\"epvc-count\"> 1.260<\/span><span class='epvc-label'> veces le\u00edda<\/span><\/div>\n<div class=\"jwsharethis\">\nShare this: \n<br \/>\n<a href=\"mailto:?subject=%C2%ABCAMAU%C2%BB%2C%20el%20nuevo%20Secretario%20de%20Deportes%20de%20la%20Naci%C3%B3n&amp;body=https%3A%2F%2Flabestiadeportiva.com%2Flbd%2Fcamau-el-nuevo-secretario-de-deportes-de-nacion%2F\">\n<img src=\"https:\/\/labestiadeportiva.com\/lbd\/wp-content\/plugins\/jw-share-this\/email.png\" alt=\"Share this page via Email\" \/>\n<\/a>\n<a target=\"_blank\" href=\"http:\/\/www.stumbleupon.com\/submit?url=https%3A%2F%2Flabestiadeportiva.com%2Flbd%2Fcamau-el-nuevo-secretario-de-deportes-de-nacion%2F&amp;title=%C2%ABCAMAU%C2%BB%2C+el+nuevo+Secretario+de+Deportes+de+la+Naci%C3%B3n\">\n<img src=\"https:\/\/labestiadeportiva.com\/lbd\/wp-content\/plugins\/jw-share-this\/su.png\" alt=\"Share this page via Stumble Upon\" \/>\n<\/a>\n<a target=\"_blank\" href=\"http:\/\/digg.com\/submit?url=https%3A%2F%2Flabestiadeportiva.com%2Flbd%2Fcamau-el-nuevo-secretario-de-deportes-de-nacion%2F&amp;title=%C2%ABCAMAU%C2%BB%2C+el+nuevo+Secretario+de+Deportes+de+la+Naci%C3%B3n\">\n<img src=\"https:\/\/labestiadeportiva.com\/lbd\/wp-content\/plugins\/jw-share-this\/digg.png\" alt=\"Share this page via Digg this\" \/>\n<\/a>\n<a target=\"_blank\" href=\"http:\/\/www.facebook.com\/sharer.php?u=https%3A%2F%2Flabestiadeportiva.com%2Flbd%2Fcamau-el-nuevo-secretario-de-deportes-de-nacion%2F&amp;t=%C2%ABCAMAU%C2%BB%2C+el+nuevo+Secretario+de+Deportes+de+la+Naci%C3%B3n\">\n<img src=\"https:\/\/labestiadeportiva.com\/lbd\/wp-content\/plugins\/jw-share-this\/fb.png\" alt=\"Share this page via Facebook\" \/>\n<\/a>\n<a target=\"_blank\" href=\"http:\/\/twitter.com\/intent\/tweet?text=I+like+https%3A%2F%2Flabestiadeportiva.com%2Flbd%2Fcamau-el-nuevo-secretario-de-deportes-de-nacion%2F&amp;title=%C2%ABCAMAU%C2%BB%2C+el+nuevo+Secretario+de+Deportes+de+la+Naci%C3%B3n\">\n<img src=\"https:\/\/labestiadeportiva.com\/lbd\/wp-content\/plugins\/jw-share-this\/twitter.png\" alt=\"Share this page via Twitter\" \/>\n<\/a>\n<\/div>\n","protected":false},"excerpt":{"rendered":"<p>Carlos Esp\u00ednola se transform\u00f3 en las \u00faltimas horas en el m\u00e1ximo funcionario nacional del \u00e1rea deportiva. Luego de casi diez a\u00f1os dej\u00f3 su puesto Claudio Morresi quien a partir de aqu\u00ed fue designado para conducir el Observatorio Nacional del Deporte y Actividad F\u00edsica. La foto es gentileza de MisionesCuatro.com 1.260 veces le\u00edda Share this:<\/p>\n","protected":false},"author":1,"featured_media":9072,"comment_status":"open","ping_status":"open","sticky":false,"template":"","format":"standard","meta":[],"categories":[6,1],"tags":[1253,83,1254],"_links":{"self":[{"href":"https:\/\/labestiadeportiva.com\/lbd\/wp-json\/wp\/v2\/posts\/9071"}],"collection":[{"href":"https:\/\/labestiadeportiva.com\/lbd\/wp-json\/wp\/v2\/posts"}],"about":[{"href":"https:\/\/labestiadeportiva.com\/lbd\/wp-json\/wp\/v2\/types\/post"}],"author":[{"embeddable":true,"href":"https:\/\/labestiadeportiva.com\/lbd\/wp-json\/wp\/v2\/users\/1"}],"replies":[{"embeddable":true,"href":"https:\/\/labestiadeportiva.com\/lbd\/wp-json\/wp\/v2\/comments?post=9071"}],"version-history":[{"count":3,"href":"https:\/\/labestiadeportiva.com\/lbd\/wp-json\/wp\/v2\/posts\/9071\/revisions"}],"predecessor-version":[{"id":9075,"href":"https:\/\/labestiadeportiva.com\/lbd\/wp-json\/wp\/v2\/posts\/9071\/revisions\/9075"}],"wp:featuredmedia":[{"embeddable":true,"href":"https:\/\/labestiadeportiva.com\/lbd\/wp-json\/wp\/v2\/media\/9072"}],"wp:attachment":[{"href":"https:\/\/labestiadeportiva.com\/lbd\/wp-json\/wp\/v2\/media?parent=9071"}],"wp:term":[{"taxonomy":"category","embeddable":true,"href":"https:\/\/labestiadeportiva.com\/lbd\/wp-json\/wp\/v2\/categories?post=9071"},{"taxonomy":"post_tag","embeddable":true,"href":"https:\/\/labestiadeportiva.com\/lbd\/wp-json\/wp\/v2\/tags?post=9071"}],"curies":[{"name":"wp","href":"https:\/\/api.w.org\/{rel}","templated":true}]}}