{"id":9076,"date":"2014-02-07T03:41:09","date_gmt":"2014-02-07T03:41:09","guid":{"rendered":"http:\/\/labestiadeportiva.com\/lbd\/?p=9076"},"modified":"2014-02-07T13:51:45","modified_gmt":"2014-02-07T13:51:45","slug":"las-ternas-y-horarios-de-la-3-fecha","status":"publish","type":"post","link":"https:\/\/labestiadeportiva.com\/lbd\/las-ternas-y-horarios-de-la-3-fecha\/","title":{"rendered":"Las ternas y horarios de la 3\u00b0 fecha"},"content":{"rendered":"<p class=\"MsoNormal\"><a href=\"http:\/\/labestiadeportiva.com\/lbd\/wp-content\/uploads\/2014\/02\/MG_8731.jpg\"><img loading=\"lazy\" class=\"alignleft size-medium wp-image-9077\" title=\"_MG_8731\" src=\"http:\/\/labestiadeportiva.com\/lbd\/wp-content\/uploads\/2014\/02\/MG_8731-300x194.jpg\" alt=\"\" width=\"300\" height=\"194\" srcset=\"https:\/\/labestiadeportiva.com\/lbd\/wp-content\/uploads\/2014\/02\/MG_8731-300x194.jpg 300w, https:\/\/labestiadeportiva.com\/lbd\/wp-content\/uploads\/2014\/02\/MG_8731.jpg 448w\" sizes=\"(max-width: 300px) 100vw, 300px\" \/><\/a>El consejo Federal de la Asociaci\u00f3n del F\u00fatbol Argentino dio a conocer las designaciones de la Zona 1 del Torneo del Interior para este domingo. Los \u00e1rbitros ser\u00e1n Ricardo Far\u00edas y Sergio Machuca. El horario por fin coincidir\u00e1 en las dos ciudades comenzando la jornada a las tres de la tarde. Desde LBD los detalles.<!--morePara leer Click Aqu\u00ed--><\/p>\n<p class=\"MsoNormal\" style=\"margin-bottom: .0001pt;\"><span style=\"color: #0000ff;\">Torneo del Interior 2014 Zona 1 TDF<\/span><br \/>\n3\u00b0 Fecha Domingo 9<br \/>\nEn Ushuaia<br \/>\nCancha Sint\u00e9tico \u201cHugo Lumbreras\u201d<br \/>\nHora de Comienzo: 15<br \/>\nLos Cuervos FDM\/Club Italiano<br \/>\n\u00c1rbitro: Sergio Fabi\u00e1n Machuca (R\u00edo Grande)<br \/>\nL\u00edneas: Dar\u00edo Tonutti y Walter Barrera (Ushuaia)<\/p>\n<p>En R\u00edo Grande<br \/>\nCancha Centro Deportivo Municipal<br \/>\nHora de Comienzo: 15<br \/>\nCamioneros (RG)\/Camioneros (USH)<br \/>\n\u00c1rbitro: Ricardo Far\u00edas (Ushuaia)<br \/>\nL\u00edneas: Froil\u00e1n Abalos y H\u00e9ctor Azua (R\u00edo Grande)<\/p>\n<div class='epvc-post-count'><span class='epvc-eye'><\/span>  <span class=\"epvc-count\"> 1.068<\/span><span class='epvc-label'> veces le\u00edda<\/span><\/div>\n<div class=\"jwsharethis\">\nShare this: \n<br \/>\n<a href=\"mailto:?subject=Las%20ternas%20y%20horarios%20de%20la%203%C2%B0%20fecha&amp;body=https%3A%2F%2Flabestiadeportiva.com%2Flbd%2Flas-ternas-y-horarios-de-la-3-fecha%2F\">\n<img src=\"https:\/\/labestiadeportiva.com\/lbd\/wp-content\/plugins\/jw-share-this\/email.png\" alt=\"Share this page via Email\" \/>\n<\/a>\n<a target=\"_blank\" href=\"http:\/\/www.stumbleupon.com\/submit?url=https%3A%2F%2Flabestiadeportiva.com%2Flbd%2Flas-ternas-y-horarios-de-la-3-fecha%2F&amp;title=Las+ternas+y+horarios+de+la+3%C2%B0+fecha\">\n<img src=\"https:\/\/labestiadeportiva.com\/lbd\/wp-content\/plugins\/jw-share-this\/su.png\" alt=\"Share this page via Stumble Upon\" \/>\n<\/a>\n<a target=\"_blank\" href=\"http:\/\/digg.com\/submit?url=https%3A%2F%2Flabestiadeportiva.com%2Flbd%2Flas-ternas-y-horarios-de-la-3-fecha%2F&amp;title=Las+ternas+y+horarios+de+la+3%C2%B0+fecha\">\n<img src=\"https:\/\/labestiadeportiva.com\/lbd\/wp-content\/plugins\/jw-share-this\/digg.png\" alt=\"Share this page via Digg this\" \/>\n<\/a>\n<a target=\"_blank\" href=\"http:\/\/www.facebook.com\/sharer.php?u=https%3A%2F%2Flabestiadeportiva.com%2Flbd%2Flas-ternas-y-horarios-de-la-3-fecha%2F&amp;t=Las+ternas+y+horarios+de+la+3%C2%B0+fecha\">\n<img src=\"https:\/\/labestiadeportiva.com\/lbd\/wp-content\/plugins\/jw-share-this\/fb.png\" alt=\"Share this page via Facebook\" \/>\n<\/a>\n<a target=\"_blank\" href=\"http:\/\/twitter.com\/intent\/tweet?text=I+like+https%3A%2F%2Flabestiadeportiva.com%2Flbd%2Flas-ternas-y-horarios-de-la-3-fecha%2F&amp;title=Las+ternas+y+horarios+de+la+3%C2%B0+fecha\">\n<img src=\"https:\/\/labestiadeportiva.com\/lbd\/wp-content\/plugins\/jw-share-this\/twitter.png\" alt=\"Share this page via Twitter\" \/>\n<\/a>\n<\/div>\n","protected":false},"excerpt":{"rendered":"<p>El consejo Federal de la Asociaci\u00f3n del F\u00fatbol Argentino dio a conocer las designaciones de la Zona 1 del Torneo del Interior para este domingo. Los \u00e1rbitros ser\u00e1n Ricardo Far\u00edas y Sergio Machuca. El horario por fin coincidir\u00e1 en las dos ciudades comenzando la jornada a las tres de la tarde. Desde LBD los detalles. &hellip; <a href=\"https:\/\/labestiadeportiva.com\/lbd\/las-ternas-y-horarios-de-la-3-fecha\/\" class=\"more-link\">Seguir leyendo <span class=\"screen-reader-text\">Las ternas y horarios de la 3\u00b0 fecha<\/span> <span class=\"meta-nav\">&rarr;<\/span><\/a><\/p>\n","protected":false},"author":1,"featured_media":9077,"comment_status":"open","ping_status":"open","sticky":false,"template":"","format":"standard","meta":[],"categories":[5,6,1],"tags":[428,305,1222,1223],"_links":{"self":[{"href":"https:\/\/labestiadeportiva.com\/lbd\/wp-json\/wp\/v2\/posts\/9076"}],"collection":[{"href":"https:\/\/labestiadeportiva.com\/lbd\/wp-json\/wp\/v2\/posts"}],"about":[{"href":"https:\/\/labestiadeportiva.com\/lbd\/wp-json\/wp\/v2\/types\/post"}],"author":[{"embeddable":true,"href":"https:\/\/labestiadeportiva.com\/lbd\/wp-json\/wp\/v2\/users\/1"}],"replies":[{"embeddable":true,"href":"https:\/\/labestiadeportiva.com\/lbd\/wp-json\/wp\/v2\/comments?post=9076"}],"version-history":[{"count":7,"href":"https:\/\/labestiadeportiva.com\/lbd\/wp-json\/wp\/v2\/posts\/9076\/revisions"}],"predecessor-version":[{"id":9088,"href":"https:\/\/labestiadeportiva.com\/lbd\/wp-json\/wp\/v2\/posts\/9076\/revisions\/9088"}],"wp:featuredmedia":[{"embeddable":true,"href":"https:\/\/labestiadeportiva.com\/lbd\/wp-json\/wp\/v2\/media\/9077"}],"wp:attachment":[{"href":"https:\/\/labestiadeportiva.com\/lbd\/wp-json\/wp\/v2\/media?parent=9076"}],"wp:term":[{"taxonomy":"category","embeddable":true,"href":"https:\/\/labestiadeportiva.com\/lbd\/wp-json\/wp\/v2\/categories?post=9076"},{"taxonomy":"post_tag","embeddable":true,"href":"https:\/\/labestiadeportiva.com\/lbd\/wp-json\/wp\/v2\/tags?post=9076"}],"curies":[{"name":"wp","href":"https:\/\/api.w.org\/{rel}","templated":true}]}}