{"id":9084,"date":"2014-02-07T04:03:58","date_gmt":"2014-02-07T04:03:58","guid":{"rendered":"http:\/\/labestiadeportiva.com\/lbd\/?p=9084"},"modified":"2014-02-07T04:04:13","modified_gmt":"2014-02-07T04:04:13","slug":"lucas-x-2-en-el-turismo-pista","status":"publish","type":"post","link":"https:\/\/labestiadeportiva.com\/lbd\/lucas-x-2-en-el-turismo-pista\/","title":{"rendered":"Lucas x 2 en el Turismo Pista"},"content":{"rendered":"<p><a href=\"http:\/\/labestiadeportiva.com\/lbd\/wp-content\/uploads\/2014\/02\/P1170544-copia.jpg\"><img loading=\"lazy\" class=\"alignleft size-full wp-image-9085\" title=\"P1170544 copia\" src=\"http:\/\/labestiadeportiva.com\/lbd\/wp-content\/uploads\/2014\/02\/P1170544-copia.jpg\" alt=\"\" width=\"220\" height=\"284\" \/><\/a>El piloto ushuaiense, <span style=\"color: #ff0000;\">Lucas Yerobi<\/span>, centrar\u00e1 sus fuerzas en su participaci\u00f3n dentro del Turismo Pista. En la Clase 2 lo har\u00e1 con un Fiat Palio dentro del DR Competici\u00f3n mientras que en la Clase 3 retornar\u00e1 con un VW Gol que ser\u00e1 atendido por Diego L\u00f3pez y Jorge Caruso. Fuente y foto prensa Lucas Yerobi.<!--morePara leer Click Aqu\u00ed--><\/p>\n<p>El campe\u00f3n 2012 de la Clase 3 comunic\u00f3: <span style=\"color: #0000ff;\">\u00abDespu\u00e9s de habernos reunido con sponsors y trabajar en la parte presupuestaria decidimos centrarnos en el Turismo Pista y competir un fin de semana al mes, en la Clase 2 continuar\u00e9 con el equipo DR Competici\u00f3n pero estar\u00e9 corriendo con el Fiat Palio de mi propiedad, el cual prob\u00e9 el a\u00f1o pasado y me dej\u00f3 muy conforme su rendimiento, mientras que en la Clase 3 estar\u00e9 retornando y competir\u00e9 con un VW Gol propiedad de Mart\u00edn Hermida que ser\u00e1 atendido por Diego L\u00f3pez en el chasis y tendr\u00e1 el motor de Jorge Caruso, la intenci\u00f3n es ser protagonista en ambas clases y participar durante todo el a\u00f1o\u00bb<\/span> expres\u00f3 Yerobi.<\/p>\n<p>Con respecto a su participaci\u00f3n dentro del Turismo Nacional Clase 2 dijo: <span style=\"color: #0000ff;\">\u00abPor lo pronto no pudimos reunir el presupuesto necesario para poder correr y ser competitivos en el TN por lo que decidimos, con mi grupo de sponsors, competir en el Turismo Pista y seguir representando a Tierra del Fuego en esta categor\u00eda, quiero agradecer a la gente que me sigue acompa\u00f1ando y apoyando, en el 2014 iremos en busca de m\u00e1s victorias y pelear por el campeonato de la APTP en ambas clases, quiero agradecer a Daniel Ram\u00edrez, Mart\u00edn Hermida, Diego L\u00f3pez y Jorge Caruso por haber confiado en m\u00ed, el 2 de marzo estaremos corriendo en Mar de Aj\u00f3 y en busca de sumar buenos puntos pensando en el campeonato\u00bb<\/span> concluy\u00f3 el fueguino.<\/p>\n<div class='epvc-post-count'><span class='epvc-eye'><\/span>  <span class=\"epvc-count\"> 1.107<\/span><span class='epvc-label'> veces le\u00edda<\/span><\/div>\n<div class=\"jwsharethis\">\nShare this: \n<br \/>\n<a href=\"mailto:?subject=Lucas%20x%202%20en%20el%20Turismo%20Pista&amp;body=https%3A%2F%2Flabestiadeportiva.com%2Flbd%2Flucas-x-2-en-el-turismo-pista%2F\">\n<img src=\"https:\/\/labestiadeportiva.com\/lbd\/wp-content\/plugins\/jw-share-this\/email.png\" alt=\"Share this page via Email\" \/>\n<\/a>\n<a target=\"_blank\" href=\"http:\/\/www.stumbleupon.com\/submit?url=https%3A%2F%2Flabestiadeportiva.com%2Flbd%2Flucas-x-2-en-el-turismo-pista%2F&amp;title=Lucas+x+2+en+el+Turismo+Pista\">\n<img src=\"https:\/\/labestiadeportiva.com\/lbd\/wp-content\/plugins\/jw-share-this\/su.png\" alt=\"Share this page via Stumble Upon\" \/>\n<\/a>\n<a target=\"_blank\" href=\"http:\/\/digg.com\/submit?url=https%3A%2F%2Flabestiadeportiva.com%2Flbd%2Flucas-x-2-en-el-turismo-pista%2F&amp;title=Lucas+x+2+en+el+Turismo+Pista\">\n<img src=\"https:\/\/labestiadeportiva.com\/lbd\/wp-content\/plugins\/jw-share-this\/digg.png\" alt=\"Share this page via Digg this\" \/>\n<\/a>\n<a target=\"_blank\" href=\"http:\/\/www.facebook.com\/sharer.php?u=https%3A%2F%2Flabestiadeportiva.com%2Flbd%2Flucas-x-2-en-el-turismo-pista%2F&amp;t=Lucas+x+2+en+el+Turismo+Pista\">\n<img src=\"https:\/\/labestiadeportiva.com\/lbd\/wp-content\/plugins\/jw-share-this\/fb.png\" alt=\"Share this page via Facebook\" \/>\n<\/a>\n<a target=\"_blank\" href=\"http:\/\/twitter.com\/intent\/tweet?text=I+like+https%3A%2F%2Flabestiadeportiva.com%2Flbd%2Flucas-x-2-en-el-turismo-pista%2F&amp;title=Lucas+x+2+en+el+Turismo+Pista\">\n<img src=\"https:\/\/labestiadeportiva.com\/lbd\/wp-content\/plugins\/jw-share-this\/twitter.png\" alt=\"Share this page via Twitter\" \/>\n<\/a>\n<\/div>\n","protected":false},"excerpt":{"rendered":"<p>El piloto ushuaiense, Lucas Yerobi, centrar\u00e1 sus fuerzas en su participaci\u00f3n dentro del Turismo Pista. En la Clase 2 lo har\u00e1 con un Fiat Palio dentro del DR Competici\u00f3n mientras que en la Clase 3 retornar\u00e1 con un VW Gol que ser\u00e1 atendido por Diego L\u00f3pez y Jorge Caruso. Fuente y foto prensa Lucas Yerobi. &hellip; <a href=\"https:\/\/labestiadeportiva.com\/lbd\/lucas-x-2-en-el-turismo-pista\/\" class=\"more-link\">Seguir leyendo <span class=\"screen-reader-text\">Lucas x 2 en el Turismo Pista<\/span> <span class=\"meta-nav\">&rarr;<\/span><\/a><\/p>\n","protected":false},"author":1,"featured_media":9085,"comment_status":"open","ping_status":"open","sticky":false,"template":"","format":"standard","meta":[],"categories":[5,6,1],"tags":[524,152,1255],"_links":{"self":[{"href":"https:\/\/labestiadeportiva.com\/lbd\/wp-json\/wp\/v2\/posts\/9084"}],"collection":[{"href":"https:\/\/labestiadeportiva.com\/lbd\/wp-json\/wp\/v2\/posts"}],"about":[{"href":"https:\/\/labestiadeportiva.com\/lbd\/wp-json\/wp\/v2\/types\/post"}],"author":[{"embeddable":true,"href":"https:\/\/labestiadeportiva.com\/lbd\/wp-json\/wp\/v2\/users\/1"}],"replies":[{"embeddable":true,"href":"https:\/\/labestiadeportiva.com\/lbd\/wp-json\/wp\/v2\/comments?post=9084"}],"version-history":[{"count":2,"href":"https:\/\/labestiadeportiva.com\/lbd\/wp-json\/wp\/v2\/posts\/9084\/revisions"}],"predecessor-version":[{"id":9087,"href":"https:\/\/labestiadeportiva.com\/lbd\/wp-json\/wp\/v2\/posts\/9084\/revisions\/9087"}],"wp:featuredmedia":[{"embeddable":true,"href":"https:\/\/labestiadeportiva.com\/lbd\/wp-json\/wp\/v2\/media\/9085"}],"wp:attachment":[{"href":"https:\/\/labestiadeportiva.com\/lbd\/wp-json\/wp\/v2\/media?parent=9084"}],"wp:term":[{"taxonomy":"category","embeddable":true,"href":"https:\/\/labestiadeportiva.com\/lbd\/wp-json\/wp\/v2\/categories?post=9084"},{"taxonomy":"post_tag","embeddable":true,"href":"https:\/\/labestiadeportiva.com\/lbd\/wp-json\/wp\/v2\/tags?post=9084"}],"curies":[{"name":"wp","href":"https:\/\/api.w.org\/{rel}","templated":true}]}}