{"id":9090,"date":"2014-02-07T13:58:47","date_gmt":"2014-02-07T13:58:47","guid":{"rendered":"http:\/\/labestiadeportiva.com\/lbd\/?p=9090"},"modified":"2014-02-07T13:59:58","modified_gmt":"2014-02-07T13:59:58","slug":"cichero-hace-historia","status":"publish","type":"post","link":"https:\/\/labestiadeportiva.com\/lbd\/cichero-hace-historia\/","title":{"rendered":"Cichero hace historia"},"content":{"rendered":"<p><em>Por Mauricio Zentner Lavori (Corresponsal LBD en Buenos Aires) \/@MZLDeportes\/<\/em><\/p>\n<p style=\"text-align: center;\"><a href=\"http:\/\/labestiadeportiva.com\/lbd\/wp-content\/uploads\/2014\/02\/AFP.jpg\"><img loading=\"lazy\" class=\"wp-image-9091 aligncenter\" title=\"Cichero\" src=\"http:\/\/labestiadeportiva.com\/lbd\/wp-content\/uploads\/2014\/02\/AFP.jpg\" alt=\"\" width=\"194\" height=\"346\" srcset=\"https:\/\/labestiadeportiva.com\/lbd\/wp-content\/uploads\/2014\/02\/AFP.jpg 540w, https:\/\/labestiadeportiva.com\/lbd\/wp-content\/uploads\/2014\/02\/AFP-168x300.jpg 168w\" sizes=\"(max-width: 194px) 100vw, 194px\" \/><\/a><\/p>\n<p>\u00a0Hoy, a partir de las 13:00 (hora argentina), dar\u00e1 inicio en Sochi la ceremonia de apertura de los Juegos Ol\u00edmpicos de Invierno con la presencia de Federico Cichero. El ushuaiense vive horas gloriosas y coment\u00f3 sus sensaciones en di\u00e1logo con la prensa.<\/p>\n<p><!--moreLeer nota completa --><br \/>\nHemos seguido el sue\u00f1o de Federico Cichero desde la temporada pasada cuando buscaba la clasificaci\u00f3n para estos Juegos Ol\u00edmpicos y, tras conseguirlo, enfoc\u00f3 este lapso de tiempo para llegar entrenado de la mejor manera junto a Sebasti\u00e1n Menci, para dejar todo por la albiceleste en los 15 km. cl\u00e1sico que se llevar\u00e1n a cabo el pr\u00f3ximo 14 de Febrero.<\/p>\n<p>Sin embargo, en el d\u00eda de hoy vivir\u00e1 un momento \u00fanico: la ceremonia de apertura. Para cualquier deportista no hay mejor lugar para representar a su pa\u00eds que en la m\u00e1xima contienda internacional y la \u201cHormiga\u201d bien merecida tiene la oportunidad como premio al esfuerzo y dedicaci\u00f3n desde la ciudad m\u00e1s austral del mundo.<\/p>\n<p><em><span style=\"color: #ff0000;\">\u201cRepresentar a la Argentina en un Juego Ol\u00edmpico va m\u00e1s all\u00e1 de lo que uno puede so\u00f1ar, me llena de orgullo y alegr\u00eda. Va ser una de las cosas m\u00e1s importantes que me van a pasar. Es algo que me va a marcar a fuego, es para toda la vida. Una vez llegado el momento de Sochi, voy a poder decir que alcanc\u00e9 todos los objetivos que me propuse desde que era chico. Como para la mayor\u00eda de las personas que practicamos deporte de alto rendimiento, un Juego Ol\u00edmpico es la m\u00e1xima aspiraci\u00f3n\u201d<\/span><\/em>, expres\u00f3 un emocionado Federico Cichero, campe\u00f3n argentino en su disciplina desde hace 5 a\u00f1os.<\/p>\n<p>Haciendo un repaso de su carrera, sostuvo: <em><span style=\"color: #ff0000;\">\u201cEmpec\u00e9 a esquiar a los 12 a\u00f1os, cuando mis padres me llevaron a una colonia de vacaciones en el Centro Invernal Tierra Mayor. A partir de ah\u00ed, continu\u00e9 esquiando de forma recreativa mientras practicaba otros deportes. Cinco a\u00f1os atr\u00e1s empec\u00e9 a dedicarme de verdad, cuando decidimos junto con mi entrenador que exist\u00eda la posibilidad de ir a un Juego Ol\u00edmpico. Para m\u00ed el Ski de Fondo es un estilo de vida. Es como una gran familia, vas conociendo mucha gente con la que se generan amistades. Pero lo m\u00e1s incre\u00edble de todo es la conexi\u00f3n con la naturaleza, por eso se puede disfrutar tanto\u201d<\/span><\/em>.<\/p>\n<p>Por \u00faltimo, el orgullo fueguino analiz\u00f3 que puede suceder el 14 de febrero cuando salte a competir: <em><span style=\"color: #ff0000;\">\u201cVoy a dar lo m\u00e1ximo de m\u00ed, tratar de dejar a mi pa\u00eds lo mejor representado posible. Adem\u00e1s, quiero dar el ejemplo a los m\u00e1s chicos que practican o les gustar\u00eda practicar el Ski de Fondo, para que se animen a realizar este hermoso deporte\u201d<\/span><\/em>.<\/p>\n<p>La ceremonia de apertura de Sochi 2014 podr\u00e1 verse por ESPN y Fox Sports a partir de las 13 mientras que la TV P\u00fablica comenzar\u00e1 su transmisi\u00f3n a las 15.<\/p>\n<p style=\"text-align: center;\"><a href=\"http:\/\/labestiadeportiva.com\/lbd\/wp-content\/uploads\/2014\/02\/MZL2.jpg\"><img loading=\"lazy\" class=\"aligncenter  wp-image-9092\" title=\"MZL\" src=\"http:\/\/labestiadeportiva.com\/lbd\/wp-content\/uploads\/2014\/02\/MZL2.jpg\" alt=\"\" width=\"233\" height=\"415\" srcset=\"https:\/\/labestiadeportiva.com\/lbd\/wp-content\/uploads\/2014\/02\/MZL2.jpg 540w, https:\/\/labestiadeportiva.com\/lbd\/wp-content\/uploads\/2014\/02\/MZL2-168x300.jpg 168w\" sizes=\"(max-width: 233px) 100vw, 233px\" \/><\/a><\/p>\n<p>Cichero, cada vez m\u00e1s cerca de entrar en la historia del deporte argentino.<\/p>\n<div class='epvc-post-count'><span class='epvc-eye'><\/span>  <span class=\"epvc-count\"> 1.521<\/span><span class='epvc-label'> veces le\u00edda<\/span><\/div>\n<div class=\"jwsharethis\">\nShare this: \n<br \/>\n<a href=\"mailto:?subject=Cichero%20hace%20historia&amp;body=https%3A%2F%2Flabestiadeportiva.com%2Flbd%2Fcichero-hace-historia%2F\">\n<img src=\"https:\/\/labestiadeportiva.com\/lbd\/wp-content\/plugins\/jw-share-this\/email.png\" alt=\"Share this page via Email\" \/>\n<\/a>\n<a target=\"_blank\" href=\"http:\/\/www.stumbleupon.com\/submit?url=https%3A%2F%2Flabestiadeportiva.com%2Flbd%2Fcichero-hace-historia%2F&amp;title=Cichero+hace+historia\">\n<img src=\"https:\/\/labestiadeportiva.com\/lbd\/wp-content\/plugins\/jw-share-this\/su.png\" alt=\"Share this page via Stumble Upon\" \/>\n<\/a>\n<a target=\"_blank\" href=\"http:\/\/digg.com\/submit?url=https%3A%2F%2Flabestiadeportiva.com%2Flbd%2Fcichero-hace-historia%2F&amp;title=Cichero+hace+historia\">\n<img src=\"https:\/\/labestiadeportiva.com\/lbd\/wp-content\/plugins\/jw-share-this\/digg.png\" alt=\"Share this page via Digg this\" \/>\n<\/a>\n<a target=\"_blank\" href=\"http:\/\/www.facebook.com\/sharer.php?u=https%3A%2F%2Flabestiadeportiva.com%2Flbd%2Fcichero-hace-historia%2F&amp;t=Cichero+hace+historia\">\n<img src=\"https:\/\/labestiadeportiva.com\/lbd\/wp-content\/plugins\/jw-share-this\/fb.png\" alt=\"Share this page via Facebook\" \/>\n<\/a>\n<a target=\"_blank\" href=\"http:\/\/twitter.com\/intent\/tweet?text=I+like+https%3A%2F%2Flabestiadeportiva.com%2Flbd%2Fcichero-hace-historia%2F&amp;title=Cichero+hace+historia\">\n<img src=\"https:\/\/labestiadeportiva.com\/lbd\/wp-content\/plugins\/jw-share-this\/twitter.png\" alt=\"Share this page via Twitter\" \/>\n<\/a>\n<\/div>\n","protected":false},"excerpt":{"rendered":"<p>Por Mauricio Zentner Lavori (Corresponsal LBD en Buenos Aires) \/@MZLDeportes\/ \u00a0Hoy, a partir de las 13:00 (hora argentina), dar\u00e1 inicio en Sochi la ceremonia de apertura de los Juegos Ol\u00edmpicos de Invierno con la presencia de Federico Cichero. El ushuaiense vive horas gloriosas y coment\u00f3 sus sensaciones en di\u00e1logo con la prensa. 1.521 veces le\u00edda &hellip; <a href=\"https:\/\/labestiadeportiva.com\/lbd\/cichero-hace-historia\/\" class=\"more-link\">Seguir leyendo <span class=\"screen-reader-text\">Cichero hace historia<\/span> <span class=\"meta-nav\">&rarr;<\/span><\/a><\/p>\n","protected":false},"author":1,"featured_media":9091,"comment_status":"open","ping_status":"open","sticky":false,"template":"","format":"standard","meta":[],"categories":[5,4,6,41,60,1],"tags":[1024,1256,605],"_links":{"self":[{"href":"https:\/\/labestiadeportiva.com\/lbd\/wp-json\/wp\/v2\/posts\/9090"}],"collection":[{"href":"https:\/\/labestiadeportiva.com\/lbd\/wp-json\/wp\/v2\/posts"}],"about":[{"href":"https:\/\/labestiadeportiva.com\/lbd\/wp-json\/wp\/v2\/types\/post"}],"author":[{"embeddable":true,"href":"https:\/\/labestiadeportiva.com\/lbd\/wp-json\/wp\/v2\/users\/1"}],"replies":[{"embeddable":true,"href":"https:\/\/labestiadeportiva.com\/lbd\/wp-json\/wp\/v2\/comments?post=9090"}],"version-history":[{"count":4,"href":"https:\/\/labestiadeportiva.com\/lbd\/wp-json\/wp\/v2\/posts\/9090\/revisions"}],"predecessor-version":[{"id":9096,"href":"https:\/\/labestiadeportiva.com\/lbd\/wp-json\/wp\/v2\/posts\/9090\/revisions\/9096"}],"wp:featuredmedia":[{"embeddable":true,"href":"https:\/\/labestiadeportiva.com\/lbd\/wp-json\/wp\/v2\/media\/9091"}],"wp:attachment":[{"href":"https:\/\/labestiadeportiva.com\/lbd\/wp-json\/wp\/v2\/media?parent=9090"}],"wp:term":[{"taxonomy":"category","embeddable":true,"href":"https:\/\/labestiadeportiva.com\/lbd\/wp-json\/wp\/v2\/categories?post=9090"},{"taxonomy":"post_tag","embeddable":true,"href":"https:\/\/labestiadeportiva.com\/lbd\/wp-json\/wp\/v2\/tags?post=9090"}],"curies":[{"name":"wp","href":"https:\/\/api.w.org\/{rel}","templated":true}]}}