{"id":9270,"date":"2014-02-19T20:56:21","date_gmt":"2014-02-19T20:56:21","guid":{"rendered":"http:\/\/labestiadeportiva.com\/lbd\/?p=9270"},"modified":"2014-02-19T20:56:21","modified_gmt":"2014-02-19T20:56:21","slug":"aporte-ushuaiense-en-el-panamericano","status":"publish","type":"post","link":"https:\/\/labestiadeportiva.com\/lbd\/aporte-ushuaiense-en-el-panamericano\/","title":{"rendered":"Aporte ushuaiense en el Panamericano"},"content":{"rendered":"<p>&nbsp;<\/p>\n<p class=\"MsoNormal\">Por Gabriel Torres (Hockey para LBD)<\/p>\n<p class=\"MsoNormal\"><a href=\"http:\/\/labestiadeportiva.com\/lbd\/wp-content\/uploads\/2014\/02\/selfemargpancyn.jpg\"><img loading=\"lazy\" class=\"alignleft size-medium wp-image-9271\" title=\"selfemargpancyn\" src=\"http:\/\/labestiadeportiva.com\/lbd\/wp-content\/uploads\/2014\/02\/selfemargpancyn-300x261.jpg\" alt=\"\" width=\"300\" height=\"261\" srcset=\"https:\/\/labestiadeportiva.com\/lbd\/wp-content\/uploads\/2014\/02\/selfemargpancyn-300x261.jpg 300w, https:\/\/labestiadeportiva.com\/lbd\/wp-content\/uploads\/2014\/02\/selfemargpancyn.jpg 385w\" sizes=\"(max-width: 300px) 100vw, 300px\" \/><\/a>En el d\u00eda de hoy se dio a conocer el listado de jugadoras y jugadores que formar\u00e1n parte de la Selecci\u00f3n Argentina de Hockey Pista que participar\u00e1n en el Campeonato Panamericano Indoor que se llevar\u00e1 a cabo en Montevideo, Uruguay del 7\u00a0 al 13 de Abril del corriente a\u00f1o. Las fueguinas Juliana R\u00edos, Natalia Bocchero, Emma Yanzi y Josefina Casta\u00f1eda Paz formaran parte del plantel argento.<\/p>\n<p class=\"MsoNormal\"><span style=\"color: #0000ff;\">Tierra del Fuego dice presente<\/span><\/p>\n<p class=\"MsoNormal\">Una gran noticia para el deporte provincial fue la designaci\u00f3n de cuatro jugadoras de hockey pista fueguinas para formar parte de la Selecci\u00f3n Nacional de Hockey<a name=\"_GoBack\"><\/a> que participar\u00e1 en el Campeonato Panamericano de la especialidad con vistas a la clasificaci\u00f3n al mundial de hockey de interior. Juliana R\u00edos, Natalia Bocchero, Emma Yanzi y Josefina Casta\u00f1eda Paz ser\u00e1n parte de la selecci\u00f3n nacional que buscar\u00e1 una plaza para el pr\u00f3ximo mundial a celebrarse en Alemania 2015.<\/p>\n<p class=\"MsoNormal\"><a href=\"http:\/\/labestiadeportiva.com\/lbd\/wp-content\/uploads\/2014\/02\/selfemargpanem.jpg\"><img loading=\"lazy\" class=\"aligncenter size-medium wp-image-9272\" title=\"selfemargpanem\" src=\"http:\/\/labestiadeportiva.com\/lbd\/wp-content\/uploads\/2014\/02\/selfemargpanem-200x300.jpg\" alt=\"\" width=\"200\" height=\"300\" srcset=\"https:\/\/labestiadeportiva.com\/lbd\/wp-content\/uploads\/2014\/02\/selfemargpanem-200x300.jpg 200w, https:\/\/labestiadeportiva.com\/lbd\/wp-content\/uploads\/2014\/02\/selfemargpanem.jpg 600w\" sizes=\"(max-width: 200px) 100vw, 200px\" \/><\/a>Romina Zanni de Roca, Guzm\u00e1n Carina de San Juan, Eichler Sof\u00eda de San Juan, Diez Corina de Santa Fe, Nimo Eugenia de Cipolleti, D\u00edaz Brenda de Lago Puelo, Pastor Cecilia de Santa Fe, Montilla Soledad de San Juan y las fueguinas R\u00edos Juliana, Emma Yanzi, Casta\u00f1eda Paz Josefina y Bocchero Natalia ser\u00e1n las que representar\u00e1n a la Argentina en la pr\u00f3ximo campeonato internacional.<\/p>\n<p class=\"MsoNormal\">En varones los nombrados son: Ceballos Agustin, Espejo Carlos y Luna Guillermo de San Juan, Denuncio Santiago y Ayala Gallo Nehuen de El Calafate, Sosa Alfredo de El Chalten, Agust\u00edn Bugallo, Joaqu\u00edn Gonz\u00e1lez y Joaqu\u00edn Berthold de Buenos Aires, Leandro Leotta de Mendoza , Garbuglia Alejandro, Cid Mat\u00edas y Ferrante Franco de Bariloche y Francisco Demonte de Neuqu\u00e9n.<\/p>\n<p class=\"MsoNormal\">Estos jugadores luego de realizar la semana pasada su primer concentraci\u00f3n nacional, quedar\u00e1n afectados para la pr\u00f3xima que se realizar\u00e1 en Buenos Aires entre el 2 al 6 de marzo.<\/p>\n<p class=\"MsoNormal\"><a href=\"http:\/\/labestiadeportiva.com\/lbd\/wp-content\/uploads\/2014\/02\/selfemargpanj.jpg\"><img loading=\"lazy\" class=\"aligncenter size-medium wp-image-9273\" title=\"selfemargpanj\" src=\"http:\/\/labestiadeportiva.com\/lbd\/wp-content\/uploads\/2014\/02\/selfemargpanj-300x198.jpg\" alt=\"\" width=\"300\" height=\"198\" srcset=\"https:\/\/labestiadeportiva.com\/lbd\/wp-content\/uploads\/2014\/02\/selfemargpanj-300x198.jpg 300w, https:\/\/labestiadeportiva.com\/lbd\/wp-content\/uploads\/2014\/02\/selfemargpanj.jpg 448w\" sizes=\"(max-width: 300px) 100vw, 300px\" \/><\/a><\/p>\n<div class='epvc-post-count'><span class='epvc-eye'><\/span>  <span class=\"epvc-count\"> 1.185<\/span><span class='epvc-label'> veces le\u00edda<\/span><\/div>\n<div class=\"jwsharethis\">\nShare this: \n<br \/>\n<a href=\"mailto:?subject=Aporte%20ushuaiense%20en%20el%20Panamericano&amp;body=https%3A%2F%2Flabestiadeportiva.com%2Flbd%2Faporte-ushuaiense-en-el-panamericano%2F\">\n<img src=\"https:\/\/labestiadeportiva.com\/lbd\/wp-content\/plugins\/jw-share-this\/email.png\" alt=\"Share this page via Email\" \/>\n<\/a>\n<a target=\"_blank\" href=\"http:\/\/www.stumbleupon.com\/submit?url=https%3A%2F%2Flabestiadeportiva.com%2Flbd%2Faporte-ushuaiense-en-el-panamericano%2F&amp;title=Aporte+ushuaiense+en+el+Panamericano\">\n<img src=\"https:\/\/labestiadeportiva.com\/lbd\/wp-content\/plugins\/jw-share-this\/su.png\" alt=\"Share this page via Stumble Upon\" \/>\n<\/a>\n<a target=\"_blank\" href=\"http:\/\/digg.com\/submit?url=https%3A%2F%2Flabestiadeportiva.com%2Flbd%2Faporte-ushuaiense-en-el-panamericano%2F&amp;title=Aporte+ushuaiense+en+el+Panamericano\">\n<img src=\"https:\/\/labestiadeportiva.com\/lbd\/wp-content\/plugins\/jw-share-this\/digg.png\" alt=\"Share this page via Digg this\" \/>\n<\/a>\n<a target=\"_blank\" href=\"http:\/\/www.facebook.com\/sharer.php?u=https%3A%2F%2Flabestiadeportiva.com%2Flbd%2Faporte-ushuaiense-en-el-panamericano%2F&amp;t=Aporte+ushuaiense+en+el+Panamericano\">\n<img src=\"https:\/\/labestiadeportiva.com\/lbd\/wp-content\/plugins\/jw-share-this\/fb.png\" alt=\"Share this page via Facebook\" \/>\n<\/a>\n<a target=\"_blank\" href=\"http:\/\/twitter.com\/intent\/tweet?text=I+like+https%3A%2F%2Flabestiadeportiva.com%2Flbd%2Faporte-ushuaiense-en-el-panamericano%2F&amp;title=Aporte+ushuaiense+en+el+Panamericano\">\n<img src=\"https:\/\/labestiadeportiva.com\/lbd\/wp-content\/plugins\/jw-share-this\/twitter.png\" alt=\"Share this page via Twitter\" \/>\n<\/a>\n<\/div>\n","protected":false},"excerpt":{"rendered":"<p>&nbsp; Por Gabriel Torres (Hockey para LBD) En el d\u00eda de hoy se dio a conocer el listado de jugadoras y jugadores que formar\u00e1n parte de la Selecci\u00f3n Argentina de Hockey Pista que participar\u00e1n en el Campeonato Panamericano Indoor que se llevar\u00e1 a cabo en Montevideo, Uruguay del 7\u00a0 al 13 de Abril del corriente &hellip; <a href=\"https:\/\/labestiadeportiva.com\/lbd\/aporte-ushuaiense-en-el-panamericano\/\" class=\"more-link\">Seguir leyendo <span class=\"screen-reader-text\">Aporte ushuaiense en el Panamericano<\/span> <span class=\"meta-nav\">&rarr;<\/span><\/a><\/p>\n","protected":false},"author":1,"featured_media":9271,"comment_status":"open","ping_status":"open","sticky":false,"template":"","format":"standard","meta":[],"categories":[5,6,650,1],"tags":[32,1284,88,1285],"_links":{"self":[{"href":"https:\/\/labestiadeportiva.com\/lbd\/wp-json\/wp\/v2\/posts\/9270"}],"collection":[{"href":"https:\/\/labestiadeportiva.com\/lbd\/wp-json\/wp\/v2\/posts"}],"about":[{"href":"https:\/\/labestiadeportiva.com\/lbd\/wp-json\/wp\/v2\/types\/post"}],"author":[{"embeddable":true,"href":"https:\/\/labestiadeportiva.com\/lbd\/wp-json\/wp\/v2\/users\/1"}],"replies":[{"embeddable":true,"href":"https:\/\/labestiadeportiva.com\/lbd\/wp-json\/wp\/v2\/comments?post=9270"}],"version-history":[{"count":1,"href":"https:\/\/labestiadeportiva.com\/lbd\/wp-json\/wp\/v2\/posts\/9270\/revisions"}],"predecessor-version":[{"id":9274,"href":"https:\/\/labestiadeportiva.com\/lbd\/wp-json\/wp\/v2\/posts\/9270\/revisions\/9274"}],"wp:featuredmedia":[{"embeddable":true,"href":"https:\/\/labestiadeportiva.com\/lbd\/wp-json\/wp\/v2\/media\/9271"}],"wp:attachment":[{"href":"https:\/\/labestiadeportiva.com\/lbd\/wp-json\/wp\/v2\/media?parent=9270"}],"wp:term":[{"taxonomy":"category","embeddable":true,"href":"https:\/\/labestiadeportiva.com\/lbd\/wp-json\/wp\/v2\/categories?post=9270"},{"taxonomy":"post_tag","embeddable":true,"href":"https:\/\/labestiadeportiva.com\/lbd\/wp-json\/wp\/v2\/tags?post=9270"}],"curies":[{"name":"wp","href":"https:\/\/api.w.org\/{rel}","templated":true}]}}