{"id":9275,"date":"2014-02-20T01:36:53","date_gmt":"2014-02-20T01:36:53","guid":{"rendered":"http:\/\/labestiadeportiva.com\/lbd\/?p=9275"},"modified":"2014-02-20T01:38:42","modified_gmt":"2014-02-20T01:38:42","slug":"nico-bueno-virtuoso-de-la-pelota","status":"publish","type":"post","link":"https:\/\/labestiadeportiva.com\/lbd\/nico-bueno-virtuoso-de-la-pelota\/","title":{"rendered":"Nico Bueno, virtuoso de la pelota"},"content":{"rendered":"<p><em>Por Mauricio Zentner Lavori (Corresponsal LBD en Buenos Aires) \/@MZLDeportes\/<\/em><\/p>\n<p style=\"text-align: center;\"><a href=\"http:\/\/labestiadeportiva.com\/lbd\/wp-content\/uploads\/2014\/02\/MZL-2.jpg\"><img loading=\"lazy\" class=\"aligncenter  wp-image-9276\" title=\"MZL 2\" src=\"http:\/\/labestiadeportiva.com\/lbd\/wp-content\/uploads\/2014\/02\/MZL-2.jpg\" alt=\"\" width=\"294\" height=\"393\" srcset=\"https:\/\/labestiadeportiva.com\/lbd\/wp-content\/uploads\/2014\/02\/MZL-2.jpg 1024w, https:\/\/labestiadeportiva.com\/lbd\/wp-content\/uploads\/2014\/02\/MZL-2-225x300.jpg 225w, https:\/\/labestiadeportiva.com\/lbd\/wp-content\/uploads\/2014\/02\/MZL-2-768x1024.jpg 768w\" sizes=\"(max-width: 294px) 100vw, 294px\" \/><\/a><\/p>\n<p>El fueguino Nicol\u00e1s Bueno naci\u00f3 en Ushuaia y desde chico mam\u00f3 su pasi\u00f3n por la caprichosa. Actualmente milita en la cuarta de Villa San Carlos y, en di\u00e1logo exclusivo, nos cuenta sus inicios y analiza su presente como antesala del 2014.<br \/>\n<!--moreLeer nota completa--><br \/>\nRecientemente el arquero riograndense Pablo Heredia plant\u00f3 la bandera fueguina m\u00e1s firme que nunca en la m\u00e1xima, representando la ilusi\u00f3n de muchos otros que a\u00fan pelean por alcanzar esa oportunidad. El oriundo de Ushuaia, Nicol\u00e1s Bueno, es uno de ellos y como anticipo de la temporada que comienza dialog\u00f3 con LBD para rememorar su trayectoria.<\/p>\n<p><span style=\"color: #ff0000;\"><em>\u201cLa primera vez que me puse unos botines fue con \u201cHuguito\u201d Romero. No ten\u00eda ni idea lo que era la cancha grande. Hab\u00eda jugado con Argentinos del Sur en la de 7 y futsal por muchos a\u00f1os, pero la 11 es otra cosa. Viaj\u00e9 a Bs As con Cocol junto a Lasserre, pero no alcance a jugar un torneo completo all\u00ed antes de ir a la selecci\u00f3n para los EPADE 2010. A partir de ah\u00ed se fue dando todo\u201d<\/em><\/span>, recuerda Nico para empezar el contacto.<\/p>\n<p>En dicho torneo, los ojeadores de los clubes m\u00e1s importantes del pa\u00eds viajan para descubrir las nuevas joyas del f\u00fatbol argentino, y Nico llam\u00f3 la atenci\u00f3n: <span style=\"color: #ff0000;\"><em>\u201c<\/em><em>El propio Almada me quer\u00eda traer a Boca y varios quer\u00edan llevarme a prueba. Me dejaron una semana con otro chico de la selecci\u00f3n y tuve la suerte de poder quedarme. Arranqu\u00e9 en la CAI (2010\/2011) y despu\u00e9s me vine para Villa San Carlos, donde hace dos a\u00f1os completos que estoy\u201d<\/em><\/span>.<\/p>\n<p>Con la mirada puesta en una nueva temporada, que aparenta complicada por la gran cantidad de jugadores (m\u00e1s de 50) que conforman la 4ta divisi\u00f3n, el mediocampista organizador no se desanima: <span style=\"color: #ff0000;\"><em>\u201cMa\u00f1ana jugamos un amistoso contra la primera y despu\u00e9s con Everton, que milita en el Argentino B. Recientemente cambi\u00f3 la coordinaci\u00f3n del club, con un nuevo cuerpo t\u00e9cnico y esperamos que todo salga bien. Hemos crecido un mont\u00f3n y queremos hacer lo mejor posible para ganarnos un lugar, por lo que me tengo que enfocar en lo que el entrenador pide porque lo que estaba aceitado el a\u00f1o pasado ahora ya no est\u00e1\u201d<\/em><\/span>.<\/p>\n<p style=\"text-align: center;\"><a href=\"http:\/\/labestiadeportiva.com\/lbd\/wp-content\/uploads\/2014\/02\/MZL4.jpg\"><img loading=\"lazy\" class=\"aligncenter  wp-image-9277\" title=\"MZL\" src=\"http:\/\/labestiadeportiva.com\/lbd\/wp-content\/uploads\/2014\/02\/MZL4.jpg\" alt=\"\" width=\"294\" height=\"393\" srcset=\"https:\/\/labestiadeportiva.com\/lbd\/wp-content\/uploads\/2014\/02\/MZL4.jpg 1024w, https:\/\/labestiadeportiva.com\/lbd\/wp-content\/uploads\/2014\/02\/MZL4-225x300.jpg 225w, https:\/\/labestiadeportiva.com\/lbd\/wp-content\/uploads\/2014\/02\/MZL4-768x1024.jpg 768w\" sizes=\"(max-width: 294px) 100vw, 294px\" \/><\/a><\/p>\n<p>Por \u00faltimo destac\u00f3 que a pesar de las lesiones que lo dejaron dos meses fuera de las canchas, cuando volvi\u00f3 recuper\u00f3 la titularidad y jug\u00f3 de entrada yendo de menor a mayor.<\/p>\n<p>Con la ilusi\u00f3n renovada y la cima de la monta\u00f1a entre ceja y ceja, Nico Bueno entrena para llegar al mejor nivel.<\/p>\n<div class='epvc-post-count'><span class='epvc-eye'><\/span>  <span class=\"epvc-count\"> 1.144<\/span><span class='epvc-label'> veces le\u00edda<\/span><\/div>\n<div class=\"jwsharethis\">\nShare this: \n<br \/>\n<a href=\"mailto:?subject=Nico%20Bueno%2C%20virtuoso%20de%20la%20pelota&amp;body=https%3A%2F%2Flabestiadeportiva.com%2Flbd%2Fnico-bueno-virtuoso-de-la-pelota%2F\">\n<img src=\"https:\/\/labestiadeportiva.com\/lbd\/wp-content\/plugins\/jw-share-this\/email.png\" alt=\"Share this page via Email\" \/>\n<\/a>\n<a target=\"_blank\" href=\"http:\/\/www.stumbleupon.com\/submit?url=https%3A%2F%2Flabestiadeportiva.com%2Flbd%2Fnico-bueno-virtuoso-de-la-pelota%2F&amp;title=Nico+Bueno%2C+virtuoso+de+la+pelota\">\n<img src=\"https:\/\/labestiadeportiva.com\/lbd\/wp-content\/plugins\/jw-share-this\/su.png\" alt=\"Share this page via Stumble Upon\" \/>\n<\/a>\n<a target=\"_blank\" href=\"http:\/\/digg.com\/submit?url=https%3A%2F%2Flabestiadeportiva.com%2Flbd%2Fnico-bueno-virtuoso-de-la-pelota%2F&amp;title=Nico+Bueno%2C+virtuoso+de+la+pelota\">\n<img src=\"https:\/\/labestiadeportiva.com\/lbd\/wp-content\/plugins\/jw-share-this\/digg.png\" alt=\"Share this page via Digg this\" \/>\n<\/a>\n<a target=\"_blank\" href=\"http:\/\/www.facebook.com\/sharer.php?u=https%3A%2F%2Flabestiadeportiva.com%2Flbd%2Fnico-bueno-virtuoso-de-la-pelota%2F&amp;t=Nico+Bueno%2C+virtuoso+de+la+pelota\">\n<img src=\"https:\/\/labestiadeportiva.com\/lbd\/wp-content\/plugins\/jw-share-this\/fb.png\" alt=\"Share this page via Facebook\" \/>\n<\/a>\n<a target=\"_blank\" href=\"http:\/\/twitter.com\/intent\/tweet?text=I+like+https%3A%2F%2Flabestiadeportiva.com%2Flbd%2Fnico-bueno-virtuoso-de-la-pelota%2F&amp;title=Nico+Bueno%2C+virtuoso+de+la+pelota\">\n<img src=\"https:\/\/labestiadeportiva.com\/lbd\/wp-content\/plugins\/jw-share-this\/twitter.png\" alt=\"Share this page via Twitter\" \/>\n<\/a>\n<\/div>\n","protected":false},"excerpt":{"rendered":"<p>Por Mauricio Zentner Lavori (Corresponsal LBD en Buenos Aires) \/@MZLDeportes\/ El fueguino Nicol\u00e1s Bueno naci\u00f3 en Ushuaia y desde chico mam\u00f3 su pasi\u00f3n por la caprichosa. Actualmente milita en la cuarta de Villa San Carlos y, en di\u00e1logo exclusivo, nos cuenta sus inicios y analiza su presente como antesala del 2014. 1.144 veces le\u00edda Share &hellip; <a href=\"https:\/\/labestiadeportiva.com\/lbd\/nico-bueno-virtuoso-de-la-pelota\/\" class=\"more-link\">Seguir leyendo <span class=\"screen-reader-text\">Nico Bueno, virtuoso de la pelota<\/span> <span class=\"meta-nav\">&rarr;<\/span><\/a><\/p>\n","protected":false},"author":1,"featured_media":9276,"comment_status":"open","ping_status":"open","sticky":false,"template":"","format":"standard","meta":[],"categories":[5,6,60,1],"tags":[309,103,631],"_links":{"self":[{"href":"https:\/\/labestiadeportiva.com\/lbd\/wp-json\/wp\/v2\/posts\/9275"}],"collection":[{"href":"https:\/\/labestiadeportiva.com\/lbd\/wp-json\/wp\/v2\/posts"}],"about":[{"href":"https:\/\/labestiadeportiva.com\/lbd\/wp-json\/wp\/v2\/types\/post"}],"author":[{"embeddable":true,"href":"https:\/\/labestiadeportiva.com\/lbd\/wp-json\/wp\/v2\/users\/1"}],"replies":[{"embeddable":true,"href":"https:\/\/labestiadeportiva.com\/lbd\/wp-json\/wp\/v2\/comments?post=9275"}],"version-history":[{"count":4,"href":"https:\/\/labestiadeportiva.com\/lbd\/wp-json\/wp\/v2\/posts\/9275\/revisions"}],"predecessor-version":[{"id":9281,"href":"https:\/\/labestiadeportiva.com\/lbd\/wp-json\/wp\/v2\/posts\/9275\/revisions\/9281"}],"wp:featuredmedia":[{"embeddable":true,"href":"https:\/\/labestiadeportiva.com\/lbd\/wp-json\/wp\/v2\/media\/9276"}],"wp:attachment":[{"href":"https:\/\/labestiadeportiva.com\/lbd\/wp-json\/wp\/v2\/media?parent=9275"}],"wp:term":[{"taxonomy":"category","embeddable":true,"href":"https:\/\/labestiadeportiva.com\/lbd\/wp-json\/wp\/v2\/categories?post=9275"},{"taxonomy":"post_tag","embeddable":true,"href":"https:\/\/labestiadeportiva.com\/lbd\/wp-json\/wp\/v2\/tags?post=9275"}],"curies":[{"name":"wp","href":"https:\/\/api.w.org\/{rel}","templated":true}]}}