{"id":9298,"date":"2014-02-21T15:36:49","date_gmt":"2014-02-21T15:36:49","guid":{"rendered":"http:\/\/labestiadeportiva.com\/lbd\/?p=9298"},"modified":"2014-02-21T15:36:49","modified_gmt":"2014-02-21T15:36:49","slug":"ternas-y-horarios-de-la-5","status":"publish","type":"post","link":"https:\/\/labestiadeportiva.com\/lbd\/ternas-y-horarios-de-la-5\/","title":{"rendered":"Ternas y horarios de la 5\u00b0"},"content":{"rendered":"<p class=\"MsoNormal\" style=\"margin-bottom: .0001pt;\"><a href=\"http:\/\/labestiadeportiva.com\/lbd\/wp-content\/uploads\/2014\/02\/MG_8892.jpg\"><img loading=\"lazy\" class=\"alignleft size-medium wp-image-9299\" title=\"_MG_8892\" src=\"http:\/\/labestiadeportiva.com\/lbd\/wp-content\/uploads\/2014\/02\/MG_8892-300x256.jpg\" alt=\"\" width=\"300\" height=\"256\" srcset=\"https:\/\/labestiadeportiva.com\/lbd\/wp-content\/uploads\/2014\/02\/MG_8892-300x256.jpg 300w, https:\/\/labestiadeportiva.com\/lbd\/wp-content\/uploads\/2014\/02\/MG_8892.jpg 393w\" sizes=\"(max-width: 300px) 100vw, 300px\" \/><\/a>Momento de definici\u00f3n en la Zona 1 del TDI. Con Los Cuervos FDM clasificado a la siguiente fase parece ser que la lucha por el segundo lugar del grupo ser\u00e1 entre los Camioneros de ambas ciudades. Los \u00e1rbitros de la fecha ser\u00e1n Ricardo Far\u00edas y Jos\u00e9 Az\u00faa. Desde LBD todos los detalles.<!--morePara leer Click Aqu\u00ed--><\/p>\n<p><span style=\"color: #0000ff;\">Torneo del Interior 2014 \u2013 Zona 1<\/span><br \/>\nDomingo 23<br \/>\nEn\u00a0 Ushuaia<br \/>\nCancha: Sint\u00e9tico \u201cHugo Lumbreras\u201d<br \/>\nHora de comienzo: 15<br \/>\n\u00c1rbitro: Jos\u00e9 Az\u00faa (R\u00edo Grande)<br \/>\nL\u00edneas: Dar\u00edo Tonutti y Walter Barrera (Ushuaia)<br \/>\nEn R\u00edo Grande<br \/>\nCancha: Centro Deportivo Municipal<br \/>\nHora de comienzo: 15<br \/>\n\u00c1rbitro Ricardo Far\u00edas (Ushuaia)<br \/>\nL\u00edneas: Froil\u00e1n Abalos y Omar Riquelme (R\u00edo Grande)<\/p>\n<div class='epvc-post-count'><span class='epvc-eye'><\/span>  <span class=\"epvc-count\"> 1.066<\/span><span class='epvc-label'> veces le\u00edda<\/span><\/div>\n<div class=\"jwsharethis\">\nShare this: \n<br \/>\n<a href=\"mailto:?subject=Ternas%20y%20horarios%20de%20la%205%C2%B0&amp;body=https%3A%2F%2Flabestiadeportiva.com%2Flbd%2Fternas-y-horarios-de-la-5%2F\">\n<img src=\"https:\/\/labestiadeportiva.com\/lbd\/wp-content\/plugins\/jw-share-this\/email.png\" alt=\"Share this page via Email\" \/>\n<\/a>\n<a target=\"_blank\" href=\"http:\/\/www.stumbleupon.com\/submit?url=https%3A%2F%2Flabestiadeportiva.com%2Flbd%2Fternas-y-horarios-de-la-5%2F&amp;title=Ternas+y+horarios+de+la+5%C2%B0\">\n<img src=\"https:\/\/labestiadeportiva.com\/lbd\/wp-content\/plugins\/jw-share-this\/su.png\" alt=\"Share this page via Stumble Upon\" \/>\n<\/a>\n<a target=\"_blank\" href=\"http:\/\/digg.com\/submit?url=https%3A%2F%2Flabestiadeportiva.com%2Flbd%2Fternas-y-horarios-de-la-5%2F&amp;title=Ternas+y+horarios+de+la+5%C2%B0\">\n<img src=\"https:\/\/labestiadeportiva.com\/lbd\/wp-content\/plugins\/jw-share-this\/digg.png\" alt=\"Share this page via Digg this\" \/>\n<\/a>\n<a target=\"_blank\" href=\"http:\/\/www.facebook.com\/sharer.php?u=https%3A%2F%2Flabestiadeportiva.com%2Flbd%2Fternas-y-horarios-de-la-5%2F&amp;t=Ternas+y+horarios+de+la+5%C2%B0\">\n<img src=\"https:\/\/labestiadeportiva.com\/lbd\/wp-content\/plugins\/jw-share-this\/fb.png\" alt=\"Share this page via Facebook\" \/>\n<\/a>\n<a target=\"_blank\" href=\"http:\/\/twitter.com\/intent\/tweet?text=I+like+https%3A%2F%2Flabestiadeportiva.com%2Flbd%2Fternas-y-horarios-de-la-5%2F&amp;title=Ternas+y+horarios+de+la+5%C2%B0\">\n<img src=\"https:\/\/labestiadeportiva.com\/lbd\/wp-content\/plugins\/jw-share-this\/twitter.png\" alt=\"Share this page via Twitter\" \/>\n<\/a>\n<\/div>\n","protected":false},"excerpt":{"rendered":"<p>Momento de definici\u00f3n en la Zona 1 del TDI. Con Los Cuervos FDM clasificado a la siguiente fase parece ser que la lucha por el segundo lugar del grupo ser\u00e1 entre los Camioneros de ambas ciudades. Los \u00e1rbitros de la fecha ser\u00e1n Ricardo Far\u00edas y Jos\u00e9 Az\u00faa. Desde LBD todos los detalles. 1.066 veces le\u00edda &hellip; <a href=\"https:\/\/labestiadeportiva.com\/lbd\/ternas-y-horarios-de-la-5\/\" class=\"more-link\">Seguir leyendo <span class=\"screen-reader-text\">Ternas y horarios de la 5\u00b0<\/span> <span class=\"meta-nav\">&rarr;<\/span><\/a><\/p>\n","protected":false},"author":1,"featured_media":9299,"comment_status":"open","ping_status":"open","sticky":false,"template":"","format":"standard","meta":[],"categories":[5,6,1],"tags":[85,17,1263,1223],"_links":{"self":[{"href":"https:\/\/labestiadeportiva.com\/lbd\/wp-json\/wp\/v2\/posts\/9298"}],"collection":[{"href":"https:\/\/labestiadeportiva.com\/lbd\/wp-json\/wp\/v2\/posts"}],"about":[{"href":"https:\/\/labestiadeportiva.com\/lbd\/wp-json\/wp\/v2\/types\/post"}],"author":[{"embeddable":true,"href":"https:\/\/labestiadeportiva.com\/lbd\/wp-json\/wp\/v2\/users\/1"}],"replies":[{"embeddable":true,"href":"https:\/\/labestiadeportiva.com\/lbd\/wp-json\/wp\/v2\/comments?post=9298"}],"version-history":[{"count":1,"href":"https:\/\/labestiadeportiva.com\/lbd\/wp-json\/wp\/v2\/posts\/9298\/revisions"}],"predecessor-version":[{"id":9300,"href":"https:\/\/labestiadeportiva.com\/lbd\/wp-json\/wp\/v2\/posts\/9298\/revisions\/9300"}],"wp:featuredmedia":[{"embeddable":true,"href":"https:\/\/labestiadeportiva.com\/lbd\/wp-json\/wp\/v2\/media\/9299"}],"wp:attachment":[{"href":"https:\/\/labestiadeportiva.com\/lbd\/wp-json\/wp\/v2\/media?parent=9298"}],"wp:term":[{"taxonomy":"category","embeddable":true,"href":"https:\/\/labestiadeportiva.com\/lbd\/wp-json\/wp\/v2\/categories?post=9298"},{"taxonomy":"post_tag","embeddable":true,"href":"https:\/\/labestiadeportiva.com\/lbd\/wp-json\/wp\/v2\/tags?post=9298"}],"curies":[{"name":"wp","href":"https:\/\/api.w.org\/{rel}","templated":true}]}}