{"id":9539,"date":"2014-03-07T21:20:07","date_gmt":"2014-03-07T21:20:07","guid":{"rendered":"http:\/\/labestiadeportiva.com\/lbd\/?p=9539"},"modified":"2014-03-07T21:31:58","modified_gmt":"2014-03-07T21:31:58","slug":"comenzaron-las-clases-en-el-barquito-travieso","status":"publish","type":"post","link":"https:\/\/labestiadeportiva.com\/lbd\/comenzaron-las-clases-en-el-barquito-travieso\/","title":{"rendered":"Comenzaron las clases en el \u201cBarquito Travieso\u201d"},"content":{"rendered":"<p class=\"MsoNormal\"><a href=\"http:\/\/labestiadeportiva.com\/lbd\/wp-content\/uploads\/2014\/03\/exhib.jpg\"><img loading=\"lazy\" class=\"alignleft size-medium wp-image-9540\" title=\"exhib\" src=\"http:\/\/labestiadeportiva.com\/lbd\/wp-content\/uploads\/2014\/03\/exhib-300x102.jpg\" alt=\"\" width=\"300\" height=\"102\" srcset=\"https:\/\/labestiadeportiva.com\/lbd\/wp-content\/uploads\/2014\/03\/exhib-300x102.jpg 300w, https:\/\/labestiadeportiva.com\/lbd\/wp-content\/uploads\/2014\/03\/exhib.jpg 448w\" sizes=\"(max-width: 300px) 100vw, 300px\" \/><\/a>La escuela de Karate Do Shorinryu Kodokan, que lidera el instructor Marcelo Ch\u00e1vez (6\u00ba Dan) comenz\u00f3 sus clases el pasado d\u00eda mi\u00e9rcoles 5 de marzo. Los d\u00edas y horarios son los mismos que en la pasada temporada.<\/p>\n<p class=\"MsoNormal\">Para ni\u00f1os desde los 6 a\u00f1os de edad, de lunes a jueves desde las 18. 30 horas mientras que los juveniles y adultos lo har\u00e1n de 20 a 21.30 los d\u00edas lunes y mi\u00e9rcoles.<!--more--><\/p>\n<p class=\"MsoNormal\">Estos horarios, se completan con los del doyo \u201cSensei Isamu Arakaki\u201d del barrio Tierra de Leyendas, donde el grupo de adultos y juveniles, continu\u00f3 su entrenamiento durante todo el verano, los martes y jueves a las 20.30 y <span style=\"mso-spacerun: yes;\">\u00a0<\/span>s\u00e1bados desde las 19.<\/p>\n<p class=\"MsoNormal\">Para cualquier consulta se pueden comunicar al 02901 1551 7501, o al mail <a href=\"mailto:marucerochavez@yahoo.com.ar\">marucerochavez@yahoo.com.ar<\/a><\/p>\n<p class=\"MsoNormal\"><span style=\"color: #0000ff;\">Viaje a Okinawa<\/span><\/p>\n<p class=\"MsoNormal\">Uno de los objetivos m\u00e1s ambiciosos e importantes que tiene la escuela fueguina este a\u00f1o, es llegar con una delegaci\u00f3n a la cuna del Karate Do: la isla de Okinawa.<\/p>\n<p class=\"MsoNormal\">En el mes de octubre, se realizar\u00e1n distintas actividades celebrando los 20 a\u00f1os de la escuela Kodokan en el mundo y conmemorando el primer aniversario del lamentable fallecimiento del creador de esta l\u00ednea t\u00e9cnica: el Gran Maestro Isamu Arakaki, 10\u00b0 Dan.<\/p>\n<p class=\"MsoNormal\">Dentro de estas actividades, est\u00e1 previsto que los practicantes de distintos lugares del mundo se congreguen en la ciudad de Naha, capital de Okinawa, para participar de diferentes seminarios que dictar\u00e1 el sensei (maestro) Ryuta Arakaki 6\u00b0 Dan, actual presidente de la Asociaci\u00f3n Mundial de Karate Do Shorinryu Kodokan de Okinawa (World Association of Okinawa Shorinryu Karate Do Kodokan) y director del hombu dojo de la escuela, e hijo y sucesor de sensei Isamu Arakaki.<\/p>\n<p class=\"MsoNormal\"><a href=\"http:\/\/labestiadeportiva.com\/lbd\/wp-content\/uploads\/2014\/03\/medios-3.jpg\"><img loading=\"lazy\" class=\"aligncenter size-medium wp-image-9541\" title=\"medios 3\" src=\"http:\/\/labestiadeportiva.com\/lbd\/wp-content\/uploads\/2014\/03\/medios-3-300x200.jpg\" alt=\"\" width=\"300\" height=\"200\" srcset=\"https:\/\/labestiadeportiva.com\/lbd\/wp-content\/uploads\/2014\/03\/medios-3-300x200.jpg 300w, https:\/\/labestiadeportiva.com\/lbd\/wp-content\/uploads\/2014\/03\/medios-3.jpg 448w\" sizes=\"(max-width: 300px) 100vw, 300px\" \/><\/a><\/p>\n<div class='epvc-post-count'><span class='epvc-eye'><\/span>  <span class=\"epvc-count\"> 1.822<\/span><span class='epvc-label'> veces le\u00edda<\/span><\/div>\n<div class=\"jwsharethis\">\nShare this: \n<br \/>\n<a href=\"mailto:?subject=Comenzaron%20las%20clases%20en%20el%20%E2%80%9CBarquito%20Travieso%E2%80%9D&amp;body=https%3A%2F%2Flabestiadeportiva.com%2Flbd%2Fcomenzaron-las-clases-en-el-barquito-travieso%2F\">\n<img src=\"https:\/\/labestiadeportiva.com\/lbd\/wp-content\/plugins\/jw-share-this\/email.png\" alt=\"Share this page via Email\" \/>\n<\/a>\n<a target=\"_blank\" href=\"http:\/\/www.stumbleupon.com\/submit?url=https%3A%2F%2Flabestiadeportiva.com%2Flbd%2Fcomenzaron-las-clases-en-el-barquito-travieso%2F&amp;title=Comenzaron+las+clases+en+el+%E2%80%9CBarquito+Travieso%E2%80%9D\">\n<img src=\"https:\/\/labestiadeportiva.com\/lbd\/wp-content\/plugins\/jw-share-this\/su.png\" alt=\"Share this page via Stumble Upon\" \/>\n<\/a>\n<a target=\"_blank\" href=\"http:\/\/digg.com\/submit?url=https%3A%2F%2Flabestiadeportiva.com%2Flbd%2Fcomenzaron-las-clases-en-el-barquito-travieso%2F&amp;title=Comenzaron+las+clases+en+el+%E2%80%9CBarquito+Travieso%E2%80%9D\">\n<img src=\"https:\/\/labestiadeportiva.com\/lbd\/wp-content\/plugins\/jw-share-this\/digg.png\" alt=\"Share this page via Digg this\" \/>\n<\/a>\n<a target=\"_blank\" href=\"http:\/\/www.facebook.com\/sharer.php?u=https%3A%2F%2Flabestiadeportiva.com%2Flbd%2Fcomenzaron-las-clases-en-el-barquito-travieso%2F&amp;t=Comenzaron+las+clases+en+el+%E2%80%9CBarquito+Travieso%E2%80%9D\">\n<img src=\"https:\/\/labestiadeportiva.com\/lbd\/wp-content\/plugins\/jw-share-this\/fb.png\" alt=\"Share this page via Facebook\" \/>\n<\/a>\n<a target=\"_blank\" href=\"http:\/\/twitter.com\/intent\/tweet?text=I+like+https%3A%2F%2Flabestiadeportiva.com%2Flbd%2Fcomenzaron-las-clases-en-el-barquito-travieso%2F&amp;title=Comenzaron+las+clases+en+el+%E2%80%9CBarquito+Travieso%E2%80%9D\">\n<img src=\"https:\/\/labestiadeportiva.com\/lbd\/wp-content\/plugins\/jw-share-this\/twitter.png\" alt=\"Share this page via Twitter\" \/>\n<\/a>\n<\/div>\n","protected":false},"excerpt":{"rendered":"<p>La escuela de Karate Do Shorinryu Kodokan, que lidera el instructor Marcelo Ch\u00e1vez (6\u00ba Dan) comenz\u00f3 sus clases el pasado d\u00eda mi\u00e9rcoles 5 de marzo. Los d\u00edas y horarios son los mismos que en la pasada temporada. Para ni\u00f1os desde los 6 a\u00f1os de edad, de lunes a jueves desde las 18. 30 horas mientras &hellip; <a href=\"https:\/\/labestiadeportiva.com\/lbd\/comenzaron-las-clases-en-el-barquito-travieso\/\" class=\"more-link\">Seguir leyendo <span class=\"screen-reader-text\">Comenzaron las clases en el \u201cBarquito Travieso\u201d<\/span> <span class=\"meta-nav\">&rarr;<\/span><\/a><\/p>\n","protected":false},"author":1,"featured_media":9540,"comment_status":"open","ping_status":"open","sticky":false,"template":"","format":"standard","meta":[],"categories":[5,1],"tags":[77,1034,1032],"_links":{"self":[{"href":"https:\/\/labestiadeportiva.com\/lbd\/wp-json\/wp\/v2\/posts\/9539"}],"collection":[{"href":"https:\/\/labestiadeportiva.com\/lbd\/wp-json\/wp\/v2\/posts"}],"about":[{"href":"https:\/\/labestiadeportiva.com\/lbd\/wp-json\/wp\/v2\/types\/post"}],"author":[{"embeddable":true,"href":"https:\/\/labestiadeportiva.com\/lbd\/wp-json\/wp\/v2\/users\/1"}],"replies":[{"embeddable":true,"href":"https:\/\/labestiadeportiva.com\/lbd\/wp-json\/wp\/v2\/comments?post=9539"}],"version-history":[{"count":3,"href":"https:\/\/labestiadeportiva.com\/lbd\/wp-json\/wp\/v2\/posts\/9539\/revisions"}],"predecessor-version":[{"id":9544,"href":"https:\/\/labestiadeportiva.com\/lbd\/wp-json\/wp\/v2\/posts\/9539\/revisions\/9544"}],"wp:featuredmedia":[{"embeddable":true,"href":"https:\/\/labestiadeportiva.com\/lbd\/wp-json\/wp\/v2\/media\/9540"}],"wp:attachment":[{"href":"https:\/\/labestiadeportiva.com\/lbd\/wp-json\/wp\/v2\/media?parent=9539"}],"wp:term":[{"taxonomy":"category","embeddable":true,"href":"https:\/\/labestiadeportiva.com\/lbd\/wp-json\/wp\/v2\/categories?post=9539"},{"taxonomy":"post_tag","embeddable":true,"href":"https:\/\/labestiadeportiva.com\/lbd\/wp-json\/wp\/v2\/tags?post=9539"}],"curies":[{"name":"wp","href":"https:\/\/api.w.org\/{rel}","templated":true}]}}