{"id":9640,"date":"2014-03-13T12:42:35","date_gmt":"2014-03-13T12:42:35","guid":{"rendered":"http:\/\/labestiadeportiva.com\/lbd\/?p=9640"},"modified":"2014-03-13T12:42:35","modified_gmt":"2014-03-13T12:42:35","slug":"con-sabor-a-derrota","status":"publish","type":"post","link":"https:\/\/labestiadeportiva.com\/lbd\/con-sabor-a-derrota\/","title":{"rendered":"Con sabor a derrota"},"content":{"rendered":"<p class=\"MsoNormal\"><a name=\"_GoBack\"><\/a><\/p>\n<p class=\"MsoNormal\">Por Isidoro \u201cChory\u201d Aramburu (Corresponsal LBD en La Plata)<\/p>\n<p class=\"MsoNormal\"><a href=\"http:\/\/labestiadeportiva.com\/lbd\/wp-content\/uploads\/2014\/03\/www.lmneuquen.com_.ar_.jpg\"><img loading=\"lazy\" class=\"alignleft size-medium wp-image-9641\" title=\"www.lmneuquen.com.ar\" src=\"http:\/\/labestiadeportiva.com\/lbd\/wp-content\/uploads\/2014\/03\/www.lmneuquen.com_.ar_-300x210.jpg\" alt=\"\" width=\"300\" height=\"210\" srcset=\"https:\/\/labestiadeportiva.com\/lbd\/wp-content\/uploads\/2014\/03\/www.lmneuquen.com_.ar_-300x210.jpg 300w, https:\/\/labestiadeportiva.com\/lbd\/wp-content\/uploads\/2014\/03\/www.lmneuquen.com_.ar_.jpg 448w\" sizes=\"(max-width: 300px) 100vw, 300px\" \/><\/a>En el \u201cNuevo Gas\u00f3metro\u201d, San Lorenzo ten\u00eda los tres puntos en el bolsillo, pero sobre el final Uni\u00f3n Espa\u00f1ola consigui\u00f3 el empate a trav\u00e9s de Canales, para el Cicl\u00f3n hab\u00eda abierto el marcador Mauro Matos. De esta manera, el equipo \u201cAzulgrana\u201d, que hab\u00eda jugado mejor que su rival, se pierde la posibilidad de quedar como \u00fanico puntero del Grupo 2 de la Copa Libertadores.<!--more--><\/p>\n<p class=\"MsoNormal\">Como es su costumbre, San Lorenzo sali\u00f3 a la cancha decidido a arrinconar a su rival y por momentos lo consigui\u00f3. A los cuatro minutos tuvo la primera chance clara en los pies de Ignacio Piatti, pero su remate se fue por arriba del travesa\u00f1o.<\/p>\n<p class=\"MsoNormal\">A los 21 minutos lleg\u00f3 el gol tras una guapeada del pibe Correa que entr\u00f3 al \u00e1rea y trastabill\u00f3, la pelota qued\u00f3 boyando y el goleador Mauro Matos lleg\u00f3 para meter un derechazo bajo, decretando la victoria parcial.<\/p>\n<p class=\"MsoNormal\">El \u201cCuervo\u201d no amain\u00f3 su \u00edmpetu y pudo haber ampliado el marcador durante el final de la primera etapa, pero no estuvo fino en la definici\u00f3n. Pero en la segunda parte el conjunto local bajo las revoluciones y se guareci\u00f3 algunos metros m\u00e1s atr\u00e1s, especulando, para aguantar el resultado que lo dejar\u00eda como \u00fanico l\u00edder.<\/p>\n<p class=\"MsoNormal\">A diez minutos del final lleg\u00f3 la jugada clave del partido. En la cabeza de Nicol\u00e1s Blandi, que hab\u00eda ingresado por Matos, estuvo el segundo gol que hubiese liquidado el pleito, pero el arquero S\u00e1nchez mantuvo con vida a Uni\u00f3n Espa\u00f1ola y de las manos del portero sali\u00f3 el contragolpe que deriv\u00f3 en el empate del ex delantero de River, Gustavo Canales.<\/p>\n<p class=\"MsoNormal\">Si bien San Lorenzo perdi\u00f3 la chance de quedar como \u00fanico puntero de su grupo; con el empate sigue siendo l\u00edder en compa\u00f1\u00eda de Botafogo e Independiente del Valle, (que empataron en Ecuador) con 4 puntos. Uni\u00f3n Espa\u00f1ola cierra el Grupo 2, el m\u00e1s parejo de la Copa, con 3 unidades.<\/p>\n<p class=\"MsoNormal\">Adem\u00e1s, los dirigidos por el \u201cPat\u00f3n\u201d Bauza tendr\u00e1n revancha contra el equipo trasandino, cuando se enfrenten el pr\u00f3ximo jueves por la cuarta fecha de la fase de grupos,<span style=\"mso-spacerun: yes;\">\u00a0 <\/span>pero esta vez ser\u00e1 en condici\u00f3n de visitante.<\/p>\n<p class=\"MsoNormal\"><span style=\"color: #0000ff;\"><strong style=\"mso-bidi-font-weight: normal;\">Formaciones:<\/strong><\/span><\/p>\n<p class=\"MsoNormal\"><strong><span style=\"font-family: 'Calibri','sans-serif'; mso-ascii-theme-font: minor-latin; mso-hansi-theme-font: minor-latin; mso-bidi-font-family: Arial;\">San Lorenzo<\/span><\/strong><span style=\"mso-bidi-font-family: Arial;\"> (1): Sebasti\u00e1n Torrico; Julio Buffarini, Carlos Vald\u00e9s, Santiago Gentiletti y Emmanuel M\u00e1s; Juan Mercier y N\u00e9stor Ortigoza; Leandro Romagnoli, Angel Correa e Ignacio Piatti; Mauro Matos. DT: Edgardo Bauza.<\/span><\/p>\n<p><strong><span style=\"font-family: 'Calibri','sans-serif'; mso-ascii-theme-font: minor-latin; mso-hansi-theme-font: minor-latin; mso-bidi-font-family: Arial;\">Uni\u00f3n Espa\u00f1ola<\/span><\/strong> (1): Diego S\u00e1nchez; Sebasti\u00e1n Miranda, Jorge Ampuero, Mat\u00edas Navarrete y Nicol\u00e1s Berardo; Lorenzo Faravelli, Luis Pavez y Cristian Ch\u00e1vez; Carlos Salom, Gustavo Canales y Mat\u00edas Campos Toro. DT: Jos\u00e9 Luis Sierra.<\/p>\n<div class='epvc-post-count'><span class='epvc-eye'><\/span>  <span class=\"epvc-count\"> 1.063<\/span><span class='epvc-label'> veces le\u00edda<\/span><\/div>\n<div class=\"jwsharethis\">\nShare this: \n<br \/>\n<a href=\"mailto:?subject=Con%20sabor%20a%20derrota&amp;body=https%3A%2F%2Flabestiadeportiva.com%2Flbd%2Fcon-sabor-a-derrota%2F\">\n<img src=\"https:\/\/labestiadeportiva.com\/lbd\/wp-content\/plugins\/jw-share-this\/email.png\" alt=\"Share this page via Email\" \/>\n<\/a>\n<a target=\"_blank\" href=\"http:\/\/www.stumbleupon.com\/submit?url=https%3A%2F%2Flabestiadeportiva.com%2Flbd%2Fcon-sabor-a-derrota%2F&amp;title=Con+sabor+a+derrota\">\n<img src=\"https:\/\/labestiadeportiva.com\/lbd\/wp-content\/plugins\/jw-share-this\/su.png\" alt=\"Share this page via Stumble Upon\" \/>\n<\/a>\n<a target=\"_blank\" href=\"http:\/\/digg.com\/submit?url=https%3A%2F%2Flabestiadeportiva.com%2Flbd%2Fcon-sabor-a-derrota%2F&amp;title=Con+sabor+a+derrota\">\n<img src=\"https:\/\/labestiadeportiva.com\/lbd\/wp-content\/plugins\/jw-share-this\/digg.png\" alt=\"Share this page via Digg this\" \/>\n<\/a>\n<a target=\"_blank\" href=\"http:\/\/www.facebook.com\/sharer.php?u=https%3A%2F%2Flabestiadeportiva.com%2Flbd%2Fcon-sabor-a-derrota%2F&amp;t=Con+sabor+a+derrota\">\n<img src=\"https:\/\/labestiadeportiva.com\/lbd\/wp-content\/plugins\/jw-share-this\/fb.png\" alt=\"Share this page via Facebook\" \/>\n<\/a>\n<a target=\"_blank\" href=\"http:\/\/twitter.com\/intent\/tweet?text=I+like+https%3A%2F%2Flabestiadeportiva.com%2Flbd%2Fcon-sabor-a-derrota%2F&amp;title=Con+sabor+a+derrota\">\n<img src=\"https:\/\/labestiadeportiva.com\/lbd\/wp-content\/plugins\/jw-share-this\/twitter.png\" alt=\"Share this page via Twitter\" \/>\n<\/a>\n<\/div>\n","protected":false},"excerpt":{"rendered":"<p>Por Isidoro \u201cChory\u201d Aramburu (Corresponsal LBD en La Plata) En el \u201cNuevo Gas\u00f3metro\u201d, San Lorenzo ten\u00eda los tres puntos en el bolsillo, pero sobre el final Uni\u00f3n Espa\u00f1ola consigui\u00f3 el empate a trav\u00e9s de Canales, para el Cicl\u00f3n hab\u00eda abierto el marcador Mauro Matos. De esta manera, el equipo \u201cAzulgrana\u201d, que hab\u00eda jugado mejor que &hellip; <a href=\"https:\/\/labestiadeportiva.com\/lbd\/con-sabor-a-derrota\/\" class=\"more-link\">Seguir leyendo <span class=\"screen-reader-text\">Con sabor a derrota<\/span> <span class=\"meta-nav\">&rarr;<\/span><\/a><\/p>\n","protected":false},"author":1,"featured_media":9641,"comment_status":"open","ping_status":"open","sticky":false,"template":"","format":"standard","meta":[],"categories":[4,6,1],"tags":[1276,17],"_links":{"self":[{"href":"https:\/\/labestiadeportiva.com\/lbd\/wp-json\/wp\/v2\/posts\/9640"}],"collection":[{"href":"https:\/\/labestiadeportiva.com\/lbd\/wp-json\/wp\/v2\/posts"}],"about":[{"href":"https:\/\/labestiadeportiva.com\/lbd\/wp-json\/wp\/v2\/types\/post"}],"author":[{"embeddable":true,"href":"https:\/\/labestiadeportiva.com\/lbd\/wp-json\/wp\/v2\/users\/1"}],"replies":[{"embeddable":true,"href":"https:\/\/labestiadeportiva.com\/lbd\/wp-json\/wp\/v2\/comments?post=9640"}],"version-history":[{"count":1,"href":"https:\/\/labestiadeportiva.com\/lbd\/wp-json\/wp\/v2\/posts\/9640\/revisions"}],"predecessor-version":[{"id":9642,"href":"https:\/\/labestiadeportiva.com\/lbd\/wp-json\/wp\/v2\/posts\/9640\/revisions\/9642"}],"wp:featuredmedia":[{"embeddable":true,"href":"https:\/\/labestiadeportiva.com\/lbd\/wp-json\/wp\/v2\/media\/9641"}],"wp:attachment":[{"href":"https:\/\/labestiadeportiva.com\/lbd\/wp-json\/wp\/v2\/media?parent=9640"}],"wp:term":[{"taxonomy":"category","embeddable":true,"href":"https:\/\/labestiadeportiva.com\/lbd\/wp-json\/wp\/v2\/categories?post=9640"},{"taxonomy":"post_tag","embeddable":true,"href":"https:\/\/labestiadeportiva.com\/lbd\/wp-json\/wp\/v2\/tags?post=9640"}],"curies":[{"name":"wp","href":"https:\/\/api.w.org\/{rel}","templated":true}]}}