{"id":9647,"date":"2014-03-13T20:57:05","date_gmt":"2014-03-13T20:57:05","guid":{"rendered":"http:\/\/labestiadeportiva.com\/lbd\/?p=9647"},"modified":"2014-03-13T20:57:05","modified_gmt":"2014-03-13T20:57:05","slug":"son-194-los-inscriptos-para-la-vtf-2014","status":"publish","type":"post","link":"https:\/\/labestiadeportiva.com\/lbd\/son-194-los-inscriptos-para-la-vtf-2014\/","title":{"rendered":"Son 194 los inscriptos para la VTF 2014"},"content":{"rendered":"<p class=\"MsoNormal\"><a href=\"http:\/\/labestiadeportiva.com\/lbd\/wp-content\/uploads\/2014\/03\/Imagen-677.jpg\"><img loading=\"lazy\" class=\"alignleft size-medium wp-image-9648\" title=\"Imagen 677\" src=\"http:\/\/labestiadeportiva.com\/lbd\/wp-content\/uploads\/2014\/03\/Imagen-677-300x195.jpg\" alt=\"\" width=\"300\" height=\"195\" srcset=\"https:\/\/labestiadeportiva.com\/lbd\/wp-content\/uploads\/2014\/03\/Imagen-677-300x195.jpg 300w, https:\/\/labestiadeportiva.com\/lbd\/wp-content\/uploads\/2014\/03\/Imagen-677.jpg 448w\" sizes=\"(max-width: 300px) 100vw, 300px\" \/><\/a>Finalmente el n\u00famero de pilotos participantes super\u00f3 el del<span style=\"mso-spacerun: yes;\">\u00a0 <\/span>a\u00f1o pasado. Lejos del record de la temporada 2012 igualmente pudo sobrepasar a los presentados en la edici\u00f3n anterior. El Moto Club R\u00edo Grande oficializ\u00f3 la cifra. 161 motociclistas ser\u00e1n de la provincia mientras que 33 de ellos llegar\u00e1n de diferentes localidades como R\u00edo Gallegos, Sarmiento, Comodoro Rivadavia, Puerto Santa Cruz, Buenos Aires y C\u00f3rdoba. Asimismo habr\u00e1 deportistas chilenos, la mayor\u00eda de la ciudad de Punta Arenas. Diego \u201cConejo\u201d Jerez y Ra\u00fal Gonz\u00e1lez en motos nuevamente frente a frente.<!--more--><\/p>\n<p class=\"MsoNormal\">Cuando <span style=\"mso-spacerun: yes;\">\u00a0<\/span>al comienzo de la competencia le queda algo m\u00e1s de una semana los organizadores informaron el n\u00famero final de inscriptos.<\/p>\n<p class=\"MsoNormal\">El cronograma de competencia se iniciar\u00e1 el s\u00e1bado 22 con el clasificatorio y largada simb\u00f3lica, el domingo 23, bien temprano, se pondr\u00e1 en marcha la primera etapa con el especial que unir\u00e1 el Destacamento Jos\u00e9 Men\u00e9ndez con Tolhuin.<\/p>\n<p class=\"MsoNormal\">El segundo prime se efectuar\u00e1 desde la Comuna de Tolhuin al R\u00edo Olivia, inici\u00e1ndose en la cabecera del Lago Fagnano a la una de la tarde.<\/p>\n<p class=\"MsoNormal\">El lunes desde las 8.30 de la ma\u00f1ana comenzar\u00e1 la segunda etapa en sentido contrario finalizando en el norte de la isla. <span style=\"mso-spacerun: yes;\">\u00a0<\/span>En esta oportunidad el especial Tolhuin\/R\u00edo Grande se pondr\u00e1 en marcha desde las dos y media de la tarde.<\/p>\n<p class=\"MsoNormal\">Todo dispuesto entonces para vivir esta tradicional competencia en su XXXI edici\u00f3n, los mejores pilotos de motos y cuatriciclos se internar\u00e1n en el bosque fueguino para unir una vez m\u00e1s las dos ciudades m\u00e1s importantes de la provincia.<\/p>\n<div class='epvc-post-count'><span class='epvc-eye'><\/span>  <span class=\"epvc-count\"> 994<\/span><span class='epvc-label'> veces le\u00edda<\/span><\/div>\n<div class=\"jwsharethis\">\nShare this: \n<br \/>\n<a href=\"mailto:?subject=Son%20194%20los%20inscriptos%20para%20la%20VTF%202014&amp;body=https%3A%2F%2Flabestiadeportiva.com%2Flbd%2Fson-194-los-inscriptos-para-la-vtf-2014%2F\">\n<img src=\"https:\/\/labestiadeportiva.com\/lbd\/wp-content\/plugins\/jw-share-this\/email.png\" alt=\"Share this page via Email\" \/>\n<\/a>\n<a target=\"_blank\" href=\"http:\/\/www.stumbleupon.com\/submit?url=https%3A%2F%2Flabestiadeportiva.com%2Flbd%2Fson-194-los-inscriptos-para-la-vtf-2014%2F&amp;title=Son+194+los+inscriptos+para+la+VTF+2014\">\n<img src=\"https:\/\/labestiadeportiva.com\/lbd\/wp-content\/plugins\/jw-share-this\/su.png\" alt=\"Share this page via Stumble Upon\" \/>\n<\/a>\n<a target=\"_blank\" href=\"http:\/\/digg.com\/submit?url=https%3A%2F%2Flabestiadeportiva.com%2Flbd%2Fson-194-los-inscriptos-para-la-vtf-2014%2F&amp;title=Son+194+los+inscriptos+para+la+VTF+2014\">\n<img src=\"https:\/\/labestiadeportiva.com\/lbd\/wp-content\/plugins\/jw-share-this\/digg.png\" alt=\"Share this page via Digg this\" \/>\n<\/a>\n<a target=\"_blank\" href=\"http:\/\/www.facebook.com\/sharer.php?u=https%3A%2F%2Flabestiadeportiva.com%2Flbd%2Fson-194-los-inscriptos-para-la-vtf-2014%2F&amp;t=Son+194+los+inscriptos+para+la+VTF+2014\">\n<img src=\"https:\/\/labestiadeportiva.com\/lbd\/wp-content\/plugins\/jw-share-this\/fb.png\" alt=\"Share this page via Facebook\" \/>\n<\/a>\n<a target=\"_blank\" href=\"http:\/\/twitter.com\/intent\/tweet?text=I+like+https%3A%2F%2Flabestiadeportiva.com%2Flbd%2Fson-194-los-inscriptos-para-la-vtf-2014%2F&amp;title=Son+194+los+inscriptos+para+la+VTF+2014\">\n<img src=\"https:\/\/labestiadeportiva.com\/lbd\/wp-content\/plugins\/jw-share-this\/twitter.png\" alt=\"Share this page via Twitter\" \/>\n<\/a>\n<\/div>\n","protected":false},"excerpt":{"rendered":"<p>Finalmente el n\u00famero de pilotos participantes super\u00f3 el del\u00a0 a\u00f1o pasado. Lejos del record de la temporada 2012 igualmente pudo sobrepasar a los presentados en la edici\u00f3n anterior. El Moto Club R\u00edo Grande oficializ\u00f3 la cifra. 161 motociclistas ser\u00e1n de la provincia mientras que 33 de ellos llegar\u00e1n de diferentes localidades como R\u00edo Gallegos, Sarmiento, &hellip; <a href=\"https:\/\/labestiadeportiva.com\/lbd\/son-194-los-inscriptos-para-la-vtf-2014\/\" class=\"more-link\">Seguir leyendo <span class=\"screen-reader-text\">Son 194 los inscriptos para la VTF 2014<\/span> <span class=\"meta-nav\">&rarr;<\/span><\/a><\/p>\n","protected":false},"author":1,"featured_media":9648,"comment_status":"open","ping_status":"open","sticky":false,"template":"","format":"standard","meta":[],"categories":[5,4,6,1],"tags":[71,1331,1332],"_links":{"self":[{"href":"https:\/\/labestiadeportiva.com\/lbd\/wp-json\/wp\/v2\/posts\/9647"}],"collection":[{"href":"https:\/\/labestiadeportiva.com\/lbd\/wp-json\/wp\/v2\/posts"}],"about":[{"href":"https:\/\/labestiadeportiva.com\/lbd\/wp-json\/wp\/v2\/types\/post"}],"author":[{"embeddable":true,"href":"https:\/\/labestiadeportiva.com\/lbd\/wp-json\/wp\/v2\/users\/1"}],"replies":[{"embeddable":true,"href":"https:\/\/labestiadeportiva.com\/lbd\/wp-json\/wp\/v2\/comments?post=9647"}],"version-history":[{"count":1,"href":"https:\/\/labestiadeportiva.com\/lbd\/wp-json\/wp\/v2\/posts\/9647\/revisions"}],"predecessor-version":[{"id":9649,"href":"https:\/\/labestiadeportiva.com\/lbd\/wp-json\/wp\/v2\/posts\/9647\/revisions\/9649"}],"wp:featuredmedia":[{"embeddable":true,"href":"https:\/\/labestiadeportiva.com\/lbd\/wp-json\/wp\/v2\/media\/9648"}],"wp:attachment":[{"href":"https:\/\/labestiadeportiva.com\/lbd\/wp-json\/wp\/v2\/media?parent=9647"}],"wp:term":[{"taxonomy":"category","embeddable":true,"href":"https:\/\/labestiadeportiva.com\/lbd\/wp-json\/wp\/v2\/categories?post=9647"},{"taxonomy":"post_tag","embeddable":true,"href":"https:\/\/labestiadeportiva.com\/lbd\/wp-json\/wp\/v2\/tags?post=9647"}],"curies":[{"name":"wp","href":"https:\/\/api.w.org\/{rel}","templated":true}]}}