{"id":2588,"count":2,"description":"","link":"https:\/\/labestiadeportiva.com\/lbd\/tag\/german-nunez\/","name":"Germ\u00e1n N\u00fa\u00f1ez","slug":"german-nunez","taxonomy":"post_tag","meta":[],"_links":{"self":[{"href":"https:\/\/labestiadeportiva.com\/lbd\/wp-json\/wp\/v2\/tags\/2588"}],"collection":[{"href":"https:\/\/labestiadeportiva.com\/lbd\/wp-json\/wp\/v2\/tags"}],"about":[{"href":"https:\/\/labestiadeportiva.com\/lbd\/wp-json\/wp\/v2\/taxonomies\/post_tag"}],"wp:post_type":[{"href":"https:\/\/labestiadeportiva.com\/lbd\/wp-json\/wp\/v2\/posts?tags=2588"}],"curies":[{"name":"wp","href":"https:\/\/api.w.org\/{rel}","templated":true}]}}